{"id":60357,"date":"2022-11-22T12:03:19","date_gmt":"2022-11-22T12:03:19","guid":{"rendered":"https:\/\/www.polidesign.net\/news\/al-via-la-partnership-tra-poli-design-e-ipog-instituto-de-pos-graduacao-e-graduacao\/"},"modified":"2022-11-25T14:31:43","modified_gmt":"2022-11-25T14:31:43","slug":"al-via-la-partnership-tra-poli-design-e-ipog-instituto-de-pos-graduacao-e-graduacao","status":"publish","type":"news","link":"https:\/\/www.polidesign.net\/en\/news\/al-via-la-partnership-tra-poli-design-e-ipog-instituto-de-pos-graduacao-e-graduacao\/","title":{"rendered":"New partnership between POLI.design and IPOG"},"content":{"rendered":"","protected":false},"featured_media":60337,"template":"","meta":[],"yoast_head":"<!-- This site is optimized with the Yoast SEO plugin v15.7 - https:\/\/yoast.com\/wordpress\/plugins\/seo\/ -->\n<title>New partnership between POLI.design and IPOG &bull; POLI.design<\/title>\n<meta name=\"description\" content=\"The aim is to train IPOG students in the area of design applied to industry and to the professional world.\" \/>\n<meta name=\"robots\" content=\"index, follow, max-snippet:-1, max-image-preview:large, max-video-preview:-1\" \/>\n<link rel=\"canonical\" href=\"https:\/\/www.polidesign.net\/en\/news\/al-via-la-partnership-tra-poli-design-e-ipog-instituto-de-pos-graduacao-e-graduacao\/\" \/>\n<meta property=\"og:locale\" content=\"en_US\" \/>\n<meta property=\"og:type\" content=\"article\" \/>\n<meta property=\"og:title\" content=\"New partnership between POLI.design and IPOG &bull; POLI.design\" \/>\n<meta property=\"og:description\" content=\"The aim is to train IPOG students in the area of design applied to industry and to the professional world.\" \/>\n<meta property=\"og:url\" content=\"https:\/\/www.polidesign.net\/en\/news\/al-via-la-partnership-tra-poli-design-e-ipog-instituto-de-pos-graduacao-e-graduacao\/\" \/>\n<meta property=\"og:site_name\" content=\"POLI.design\" \/>\n<meta property=\"article:publisher\" content=\"https:\/\/www.facebook.com\/polidesignmilano\" \/>\n<meta property=\"article:modified_time\" content=\"2022-11-25T14:31:43+00:00\" \/>\n<meta property=\"og:image\" content=\"https:\/\/www.polidesign.net\/wp-content\/uploads\/2022\/11\/IPOG-x-POLIdesign-01.jpg\" \/>\n\t<meta property=\"og:image:width\" content=\"1000\" \/>\n\t<meta property=\"og:image:height\" content=\"1000\" \/>\n<meta name=\"twitter:card\" content=\"summary_large_image\" \/>\n<meta name=\"twitter:site\" content=\"@POLI_design\" \/>\n<script type=\"application\/ld+json\" class=\"yoast-schema-graph\">{\"@context\":\"https:\/\/schema.org\",\"@graph\":[{\"@type\":\"Organization\",\"@id\":\"https:\/\/www.polidesign.net\/it\/#organization\",\"name\":\"POLI.design\",\"url\":\"https:\/\/www.polidesign.net\/it\/\",\"sameAs\":[\"https:\/\/www.facebook.com\/polidesignmilano\",\"https:\/\/www.instagram.com\/polidesign\/\",\"https:\/\/www.linkedin.com\/company\/polidesign-milano\",\"https:\/\/www.youtube.com\/user\/POLIdesign\",\"https:\/\/twitter.com\/POLI_design\"],\"logo\":{\"@type\":\"ImageObject\",\"@id\":\"https:\/\/www.polidesign.net\/it\/#logo\",\"inLanguage\":\"en-US\",\"url\":\"https:\/\/www.polidesign.net\/wp-content\/uploads\/2020\/10\/Logo-Polidesign-14.svg\",\"width\":182,\"height\":36,\"caption\":\"POLI.design\"},\"image\":{\"@id\":\"https:\/\/www.polidesign.net\/it\/#logo\"}},{\"@type\":\"WebSite\",\"@id\":\"https:\/\/www.polidesign.net\/it\/#website\",\"url\":\"https:\/\/www.polidesign.net\/it\/\",\"name\":\"POLI.design\",\"description\":\"\",\"publisher\":{\"@id\":\"https:\/\/www.polidesign.net\/it\/#organization\"},\"potentialAction\":[{\"@type\":\"SearchAction\",\"target\":\"https:\/\/www.polidesign.net\/it\/?s={search_term_string}\",\"query-input\":\"required name=search_term_string\"}],\"inLanguage\":\"en-US\"},{\"@type\":\"ImageObject\",\"@id\":\"https:\/\/www.polidesign.net\/en\/news\/al-via-la-partnership-tra-poli-design-e-ipog-instituto-de-pos-graduacao-e-graduacao\/#primaryimage\",\"inLanguage\":\"en-US\",\"url\":\"https:\/\/www.polidesign.net\/wp-content\/uploads\/2022\/11\/IPOG-x-POLIdesign-01.jpg\",\"width\":1000,\"height\":1000},{\"@type\":\"WebPage\",\"@id\":\"https:\/\/www.polidesign.net\/en\/news\/al-via-la-partnership-tra-poli-design-e-ipog-instituto-de-pos-graduacao-e-graduacao\/#webpage\",\"url\":\"https:\/\/www.polidesign.net\/en\/news\/al-via-la-partnership-tra-poli-design-e-ipog-instituto-de-pos-graduacao-e-graduacao\/\",\"name\":\"New partnership between POLI.design and IPOG &bull; POLI.design\",\"isPartOf\":{\"@id\":\"https:\/\/www.polidesign.net\/it\/#website\"},\"primaryImageOfPage\":{\"@id\":\"https:\/\/www.polidesign.net\/en\/news\/al-via-la-partnership-tra-poli-design-e-ipog-instituto-de-pos-graduacao-e-graduacao\/#primaryimage\"},\"datePublished\":\"2022-11-22T12:03:19+00:00\",\"dateModified\":\"2022-11-25T14:31:43+00:00\",\"description\":\"The aim is to train IPOG students in the area of design applied to industry and to the professional world.\",\"inLanguage\":\"en-US\",\"potentialAction\":[{\"@type\":\"ReadAction\",\"target\":[\"https:\/\/www.polidesign.net\/en\/news\/al-via-la-partnership-tra-poli-design-e-ipog-instituto-de-pos-graduacao-e-graduacao\/\"]}]}]}<\/script>\n<!-- \/ Yoast SEO plugin. -->","acf":{"relazioni":{"relazioni":{"corso":"","area_formazione":false,"tipologia_formazione":false,"settore":false,"tags_poli":false,"ways_of_innovation":[{"term_id":552,"name":"Orientamento all'innovazione","slug":"orientamento-all-innovazione","term_group":0,"term_taxonomy_id":552,"taxonomy":"woi","description":"Orientamento all'innovazione","parent":0,"count":51,"filter":"raw","term_order":"0"}],"alumni":false,"people":""}},"cover_title":"New partnership between POLI.design and IPOG","cover_subTitle":"The aim of the collaboration with IPOG - Instituto de P\u00f3s-gradua\u00e7\u00e3o e Gradua\u00e7\u00e3o is to train IPOG students in the area of design applied to industry and to the professional world","cover_abstract":"","cover_image":{"ID":60336,"id":60336,"title":"IPOG x POLIdesign-01","filename":"IPOG-x-POLIdesign-01.jpg","filesize":94207,"url":"https:\/\/www.polidesign.net\/wp-content\/uploads\/2022\/11\/IPOG-x-POLIdesign-01.jpg","link":"https:\/\/www.polidesign.net\/en\/news\/al-via-la-partnership-tra-poli-design-e-ipog-instituto-de-pos-graduacao-e-graduacao\/attachment\/ipog-x-polidesign-01\/","alt":"","author":"956","description":"","caption":"","name":"ipog-x-polidesign-01","status":"inherit","uploaded_to":60191,"date":"2022-11-23 11:47:17","modified":"2022-11-23 11:47:17","menu_order":0,"mime_type":"image\/jpeg","type":"image","subtype":"jpeg","icon":"https:\/\/www.polidesign.net\/wp-includes\/images\/media\/default.png","width":1000,"height":1000,"sizes":{"thumbnail":"https:\/\/www.polidesign.net\/wp-content\/uploads\/2022\/11\/IPOG-x-POLIdesign-01-150x150.jpg","thumbnail-width":150,"thumbnail-height":150,"medium":"https:\/\/www.polidesign.net\/wp-content\/uploads\/2022\/11\/IPOG-x-POLIdesign-01-300x300.jpg","medium-width":300,"medium-height":300,"medium_large":"https:\/\/www.polidesign.net\/wp-content\/uploads\/2022\/11\/IPOG-x-POLIdesign-01-768x768.jpg","medium_large-width":768,"medium_large-height":768,"large":"https:\/\/www.polidesign.net\/wp-content\/uploads\/2022\/11\/IPOG-x-POLIdesign-01.jpg","large-width":1000,"large-height":1000,"1536x1536":"https:\/\/www.polidesign.net\/wp-content\/uploads\/2022\/11\/IPOG-x-POLIdesign-01.jpg","1536x1536-width":1000,"1536x1536-height":1000,"2048x2048":"https:\/\/www.polidesign.net\/wp-content\/uploads\/2022\/11\/IPOG-x-POLIdesign-01.jpg","2048x2048-width":1000,"2048x2048-height":1000}},"cover_imageThumbnail":{"ID":60337,"id":60337,"title":"IPOG x POLIdesign-01","filename":"IPOG-x-POLIdesign-01.jpg","filesize":94207,"url":"https:\/\/www.polidesign.net\/wp-content\/uploads\/2022\/11\/IPOG-x-POLIdesign-01.jpg","link":"https:\/\/www.polidesign.net\/en\/news\/al-via-la-partnership-tra-poli-design-e-ipog-instituto-de-pos-graduacao-e-graduacao\/attachment\/ipog-x-polidesign-01-2\/","alt":"","author":"956","description":"","caption":"","name":"ipog-x-polidesign-01-2","status":"inherit","uploaded_to":60357,"date":"2022-11-23 11:47:17","modified":"2022-11-23 11:47:17","menu_order":0,"mime_type":"image\/jpeg","type":"image","subtype":"jpeg","icon":"https:\/\/www.polidesign.net\/wp-includes\/images\/media\/default.png","width":1000,"height":1000,"sizes":{"thumbnail":"https:\/\/www.polidesign.net\/wp-content\/uploads\/2022\/11\/IPOG-x-POLIdesign-01-150x150.jpg","thumbnail-width":150,"thumbnail-height":150,"medium":"https:\/\/www.polidesign.net\/wp-content\/uploads\/2022\/11\/IPOG-x-POLIdesign-01-300x300.jpg","medium-width":300,"medium-height":300,"medium_large":"https:\/\/www.polidesign.net\/wp-content\/uploads\/2022\/11\/IPOG-x-POLIdesign-01-768x768.jpg","medium_large-width":768,"medium_large-height":768,"large":"https:\/\/www.polidesign.net\/wp-content\/uploads\/2022\/11\/IPOG-x-POLIdesign-01.jpg","large-width":1000,"large-height":1000,"1536x1536":"https:\/\/www.polidesign.net\/wp-content\/uploads\/2022\/11\/IPOG-x-POLIdesign-01.jpg","1536x1536-width":1000,"1536x1536-height":1000,"2048x2048":"https:\/\/www.polidesign.net\/wp-content\/uploads\/2022\/11\/IPOG-x-POLIdesign-01.jpg","2048x2048-width":1000,"2048x2048-height":1000}},"flexible":[{"acf_fc_layout":"simpleTitleText","layout_settings":{"color":"default","component_title":{"isActive":false,"testo":""}},"acfe_flexible_toggle":"","acfe_flexible_layout_title":"Simple Title + Text","numero_di_colonne":"1","content":{"occhiello":"","title":"","title_style":"normal","text":"<p>New partnership between <strong>POLI.design and\u00a0<a href=\"https:\/\/ipog.edu.br\/\">IPOG<\/a><\/strong>, Brazilian undergraduate and postgraduate educational institution, with 52 locations, +120 courses, +100k students trained.<\/p>\n<p><strong>The purpose of the collaboration is<\/strong> <strong>education<\/strong>, production of applied research, continuing education and development of traditional and multimedia editorial activities in the <strong>area of design applied to industry and to the professional world.<\/strong><\/p>\n<p>More specifically, the agreement aims to train <strong>IPOG students<\/strong> with a Course dedicated to them, consisting of 6 modules, divided into two areas: within the <strong>Environment<\/strong> area the 3 modules <em>Food Stores<\/em>, <em>Retail Stores<\/em> and <em>Health Environments<\/em>; while within the <strong>Human Centreed Design<\/strong> area the 3 modules <em>Perceptual Design<\/em>, <em>Neuroarchitecture for Projects<\/em> and <em>User Experience Design<\/em>.<\/p>\n<p>Each teaching module will last 16 hours, 15 of which will be carried out by IPOG lecturers and 1 by POLI.design.<\/p>\n<p>The training of the students will be anticipated by the <strong>&#8220;Training for Trainers&#8221; (TxT)<\/strong>, the programme started by POLI.design in November to train the teachers of the Brazilian educational institution that will conduct the didactics. <em>Design Innovation, User Experience Design, Design Thinking<\/em> and <em>Interior Design<\/em> are the topics scheduled for the 4 lessons, each one lasting 2 hours.<\/p>\n<p>To inaugurate the Training for Trainers <strong>Matteo O. Ingaramo<\/strong>, Chairman of POLI.design, who welcomed the teachers with the lecture dedicated to the topic of <em>Design Innovation<\/em>.<\/p>\n<p>&nbsp;<\/p>\n<p>&nbsp;<\/p>\n","":null,"azione_cta":"legacyLink","cta_style":"normal","cta_align":"left","cta":"","titolo_cta":"","modali_disponibil":false,"hubspot_id":"","prefill_campo_richiesta":""},"content_right":{"occhiello":"","title":"","title_style":"normal","text":"","":null,"azione_cta":"","cta_style":"normal","cta_align":"left","cta":null,"titolo_cta":"","modali_disponibil":false,"hubspot_id":"","prefill_campo_richiesta":""}}]},"_links":{"self":[{"href":"https:\/\/www.polidesign.net\/en\/wp-json\/wp\/v2\/news\/60357"}],"collection":[{"href":"https:\/\/www.polidesign.net\/en\/wp-json\/wp\/v2\/news"}],"about":[{"href":"https:\/\/www.polidesign.net\/en\/wp-json\/wp\/v2\/types\/news"}],"version-history":[{"count":6,"href":"https:\/\/www.polidesign.net\/en\/wp-json\/wp\/v2\/news\/60357\/revisions"}],"predecessor-version":[{"id":60519,"href":"https:\/\/www.polidesign.net\/en\/wp-json\/wp\/v2\/news\/60357\/revisions\/60519"}],"wp:featuredmedia":[{"embeddable":true,"href":"https:\/\/www.polidesign.net\/en\/wp-json\/wp\/v2\/media\/60337"}],"wp:attachment":[{"href":"https:\/\/www.polidesign.net\/en\/wp-json\/wp\/v2\/media?parent=60357"}],"curies":[{"name":"wp","href":"https:\/\/api.w.org\/{rel}","templated":true}]}}