{"id":121339,"date":"2024-12-20T14:04:58","date_gmt":"2024-12-20T14:04:58","guid":{"rendered":"https:\/\/www.polidesign.net\/?post_type=news&#038;p=121339"},"modified":"2024-12-20T14:16:12","modified_gmt":"2024-12-20T14:16:12","slug":"lo-stato-della-ux-in-italia-2025-il-sondaggio","status":"publish","type":"news","link":"https:\/\/www.polidesign.net\/it\/news\/lo-stato-della-ux-in-italia-2025-il-sondaggio\/","title":{"rendered":"Lo Stato della UX in Italia 2025: il sondaggio"},"content":{"rendered":"","protected":false},"featured_media":121340,"template":"","meta":[],"yoast_head":"<!-- This site is optimized with the Yoast SEO plugin v15.7 - https:\/\/yoast.com\/wordpress\/plugins\/seo\/ -->\n<title>Lo Stato della UX in Italia 2025 | POLI.design | Survey<\/title>\n<meta name=\"description\" content=\"Un sondaggio per i professionisti dell\u2019Experience Design. Partecipa alla survey che fotografa la situazione e le prossime sfide della disciplina!\" \/>\n<meta name=\"robots\" content=\"index, follow, max-snippet:-1, max-image-preview:large, max-video-preview:-1\" \/>\n<link rel=\"canonical\" href=\"https:\/\/www.polidesign.net\/it\/news\/lo-stato-della-ux-in-italia-2025-il-sondaggio\/\" \/>\n<meta property=\"og:locale\" content=\"it_IT\" \/>\n<meta property=\"og:type\" content=\"article\" \/>\n<meta property=\"og:title\" content=\"Lo Stato della UX in Italia 2025 | POLI.design | Survey\" \/>\n<meta property=\"og:description\" content=\"Un sondaggio per i professionisti dell\u2019Experience Design. Partecipa alla survey che fotografa la situazione e le prossime sfide della disciplina!\" \/>\n<meta property=\"og:url\" content=\"https:\/\/www.polidesign.net\/it\/news\/lo-stato-della-ux-in-italia-2025-il-sondaggio\/\" \/>\n<meta property=\"og:site_name\" content=\"POLI.design\" \/>\n<meta property=\"article:publisher\" content=\"https:\/\/www.facebook.com\/polidesignmilano\" \/>\n<meta property=\"article:modified_time\" content=\"2024-12-20T14:16:12+00:00\" \/>\n<meta property=\"og:image\" content=\"https:\/\/www.polidesign.net\/wp-content\/uploads\/2024\/12\/POLIdesign-News.png\" \/>\n\t<meta property=\"og:image:width\" content=\"2102\" \/>\n\t<meta property=\"og:image:height\" content=\"2096\" \/>\n<meta name=\"twitter:card\" content=\"summary_large_image\" \/>\n<meta name=\"twitter:site\" content=\"@POLI_design\" \/>\n<script type=\"application\/ld+json\" class=\"yoast-schema-graph\">{\"@context\":\"https:\/\/schema.org\",\"@graph\":[{\"@type\":\"Organization\",\"@id\":\"https:\/\/www.polidesign.net\/it\/#organization\",\"name\":\"POLI.design\",\"url\":\"https:\/\/www.polidesign.net\/it\/\",\"sameAs\":[\"https:\/\/www.facebook.com\/polidesignmilano\",\"https:\/\/www.instagram.com\/polidesign\/\",\"https:\/\/www.linkedin.com\/company\/polidesign-milano\",\"https:\/\/www.youtube.com\/user\/POLIdesign\",\"https:\/\/twitter.com\/POLI_design\"],\"logo\":{\"@type\":\"ImageObject\",\"@id\":\"https:\/\/www.polidesign.net\/it\/#logo\",\"inLanguage\":\"it-IT\",\"url\":\"https:\/\/www.polidesign.net\/wp-content\/uploads\/2020\/10\/Logo-Polidesign-14.svg\",\"width\":182,\"height\":36,\"caption\":\"POLI.design\"},\"image\":{\"@id\":\"https:\/\/www.polidesign.net\/it\/#logo\"}},{\"@type\":\"WebSite\",\"@id\":\"https:\/\/www.polidesign.net\/it\/#website\",\"url\":\"https:\/\/www.polidesign.net\/it\/\",\"name\":\"POLI.design\",\"description\":\"\",\"publisher\":{\"@id\":\"https:\/\/www.polidesign.net\/it\/#organization\"},\"potentialAction\":[{\"@type\":\"SearchAction\",\"target\":\"https:\/\/www.polidesign.net\/it\/?s={search_term_string}\",\"query-input\":\"required name=search_term_string\"}],\"inLanguage\":\"it-IT\"},{\"@type\":\"ImageObject\",\"@id\":\"https:\/\/www.polidesign.net\/it\/news\/lo-stato-della-ux-in-italia-2025-il-sondaggio\/#primaryimage\",\"inLanguage\":\"it-IT\",\"url\":\"https:\/\/www.polidesign.net\/wp-content\/uploads\/2024\/12\/POLIdesign-News.png\",\"width\":2102,\"height\":2096},{\"@type\":\"WebPage\",\"@id\":\"https:\/\/www.polidesign.net\/it\/news\/lo-stato-della-ux-in-italia-2025-il-sondaggio\/#webpage\",\"url\":\"https:\/\/www.polidesign.net\/it\/news\/lo-stato-della-ux-in-italia-2025-il-sondaggio\/\",\"name\":\"Lo Stato della UX in Italia 2025 | POLI.design | Survey\",\"isPartOf\":{\"@id\":\"https:\/\/www.polidesign.net\/it\/#website\"},\"primaryImageOfPage\":{\"@id\":\"https:\/\/www.polidesign.net\/it\/news\/lo-stato-della-ux-in-italia-2025-il-sondaggio\/#primaryimage\"},\"datePublished\":\"2024-12-20T14:04:58+00:00\",\"dateModified\":\"2024-12-20T14:16:12+00:00\",\"description\":\"Un sondaggio per i professionisti dell\\u2019Experience Design. Partecipa alla survey che fotografa la situazione e le prossime sfide della disciplina!\",\"inLanguage\":\"it-IT\",\"potentialAction\":[{\"@type\":\"ReadAction\",\"target\":[\"https:\/\/www.polidesign.net\/it\/news\/lo-stato-della-ux-in-italia-2025-il-sondaggio\/\"]}]}]}<\/script>\n<!-- \/ Yoast SEO plugin. -->","acf":{"relazioni":{"relazioni":{"corso":"","area_formazione":false,"tipologia_formazione":false,"settore":false,"tags_poli":false,"ways_of_innovation":false,"alumni":false,"people":""}},"cover_title":"Lo Stato della UX in Italia 2025: il sondaggio","cover_subTitle":"","cover_abstract":"<p>Una survey destinata a tutti i professionisti dell\u2019Experience Design, per fotografare la situazione e le prossime sfide della disciplina. Partecipa all\u2019indagine di POLI.design in collaborazione con la Scuola del Design del Politecnico di Milano.<\/p>\n","cover_image":{"ID":121340,"id":121340,"title":"POLIdesign - News","filename":"POLIdesign-News.png","filesize":969327,"url":"https:\/\/www.polidesign.net\/wp-content\/uploads\/2024\/12\/POLIdesign-News.png","link":"https:\/\/www.polidesign.net\/it\/news\/lo-stato-della-ux-in-italia-2025-il-sondaggio\/attachment\/polidesign-news\/","alt":"","author":"39","description":"","caption":"","name":"polidesign-news","status":"inherit","uploaded_to":121339,"date":"2024-12-20 14:02:57","modified":"2024-12-20 14:02:57","menu_order":0,"mime_type":"image\/png","type":"image","subtype":"png","icon":"https:\/\/www.polidesign.net\/wp-includes\/images\/media\/default.png","width":2102,"height":2096,"sizes":{"thumbnail":"https:\/\/www.polidesign.net\/wp-content\/uploads\/2024\/12\/POLIdesign-News-150x150.png","thumbnail-width":150,"thumbnail-height":150,"medium":"https:\/\/www.polidesign.net\/wp-content\/uploads\/2024\/12\/POLIdesign-News-300x300.png","medium-width":300,"medium-height":300,"medium_large":"https:\/\/www.polidesign.net\/wp-content\/uploads\/2024\/12\/POLIdesign-News-768x766.png","medium_large-width":768,"medium_large-height":766,"large":"https:\/\/www.polidesign.net\/wp-content\/uploads\/2024\/12\/POLIdesign-News-1024x1021.png","large-width":1024,"large-height":1021,"1536x1536":"https:\/\/www.polidesign.net\/wp-content\/uploads\/2024\/12\/POLIdesign-News-1536x1532.png","1536x1536-width":1536,"1536x1536-height":1532,"2048x2048":"https:\/\/www.polidesign.net\/wp-content\/uploads\/2024\/12\/POLIdesign-News-2048x2042.png","2048x2048-width":2048,"2048x2048-height":2042}},"cover_imageThumbnail":{"ID":121340,"id":121340,"title":"POLIdesign - News","filename":"POLIdesign-News.png","filesize":969327,"url":"https:\/\/www.polidesign.net\/wp-content\/uploads\/2024\/12\/POLIdesign-News.png","link":"https:\/\/www.polidesign.net\/it\/news\/lo-stato-della-ux-in-italia-2025-il-sondaggio\/attachment\/polidesign-news\/","alt":"","author":"39","description":"","caption":"","name":"polidesign-news","status":"inherit","uploaded_to":121339,"date":"2024-12-20 14:02:57","modified":"2024-12-20 14:02:57","menu_order":0,"mime_type":"image\/png","type":"image","subtype":"png","icon":"https:\/\/www.polidesign.net\/wp-includes\/images\/media\/default.png","width":2102,"height":2096,"sizes":{"thumbnail":"https:\/\/www.polidesign.net\/wp-content\/uploads\/2024\/12\/POLIdesign-News-150x150.png","thumbnail-width":150,"thumbnail-height":150,"medium":"https:\/\/www.polidesign.net\/wp-content\/uploads\/2024\/12\/POLIdesign-News-300x300.png","medium-width":300,"medium-height":300,"medium_large":"https:\/\/www.polidesign.net\/wp-content\/uploads\/2024\/12\/POLIdesign-News-768x766.png","medium_large-width":768,"medium_large-height":766,"large":"https:\/\/www.polidesign.net\/wp-content\/uploads\/2024\/12\/POLIdesign-News-1024x1021.png","large-width":1024,"large-height":1021,"1536x1536":"https:\/\/www.polidesign.net\/wp-content\/uploads\/2024\/12\/POLIdesign-News-1536x1532.png","1536x1536-width":1536,"1536x1536-height":1532,"2048x2048":"https:\/\/www.polidesign.net\/wp-content\/uploads\/2024\/12\/POLIdesign-News-2048x2042.png","2048x2048-width":2048,"2048x2048-height":2042}},"flexible":[{"acf_fc_layout":"simpleTitleText","layout_settings":{"color":"default","component_title":{"isActive":false,"testo":""}},"acfe_flexible_toggle":"","acfe_flexible_layout_title":"Simple Title + Text","numero_di_colonne":"1","content":{"occhiello":"","title":"L\u2019Experience Design in Italia","title_style":"normal","text":"<p>La comunit\u00e0 di designer s\u2019interroga, oggi, su pi\u00f9 fronti. C\u2019\u00e8 chi si domanda se la<strong> UX<\/strong> serva solo a mascherare <strong>business model inefficaci<\/strong>, se il compimento della <strong>trasformazione digitale<\/strong> sia l\u2019apice della disciplina o se questa potr\u00e0 raggiungere una nuova maturit\u00e0. Soprattutto, in molti si chiedono <strong>quale impatto avr\u00e0 l&#8217;AI sul futuro della professione<\/strong>.<br \/>\nLa survey dell\u2019<strong>Experience Design Academy<\/strong> di <strong>POLI.design<\/strong> \u2013 nata dalla collaborazione con la <strong>Scuola del Design del Politecnico di Milano<\/strong> \u2013 ha l\u2019obiettivo di comprendere come il settore e le professioni stanno mutando in un mercato e in un contesto in profonda evoluzione.<br \/>\nCome operano concretamente <strong>UX Designer<\/strong>, <strong>Service Designer<\/strong>, <strong>Product Designer<\/strong> e altre figure professionali che affrontano quotidianamente il tema dell&#8217;esperienza utente? Quali sono le sfide e le opportunit\u00e0 attuali? Qual \u00e8 la reale situazione nel nostro Paese? Sono alcuni dei quesiti a cui viene chiesto di dare risposta per affrontare il futuro partendo da una ricerca rigorosa e da un\u2019analisi attenta delle criticit\u00e0.<\/p>\n","":null,"azione_cta":"legacyLink","cta_style":"button","cta_align":"left","cta":{"title":"Partecipa al sondaggio","url":"https:\/\/xdapolidesign.com\/uxitalia2025?utm_source=Sito+POLI.design&utm_medium=organic&utm_campaign=Sondaggio_UX","target":"_blank"},"titolo_cta":"","modali_disponibil":false,"hubspot_id":"","prefill_campo_richiesta":""},"content_right":{"occhiello":"","title":"","title_style":"normal","text":"","":null,"azione_cta":"","cta_style":"normal","cta_align":"left","cta":null,"titolo_cta":"","modali_disponibil":false,"hubspot_id":"","prefill_campo_richiesta":""}}]},"_links":{"self":[{"href":"https:\/\/www.polidesign.net\/it\/wp-json\/wp\/v2\/news\/121339"}],"collection":[{"href":"https:\/\/www.polidesign.net\/it\/wp-json\/wp\/v2\/news"}],"about":[{"href":"https:\/\/www.polidesign.net\/it\/wp-json\/wp\/v2\/types\/news"}],"version-history":[{"count":4,"href":"https:\/\/www.polidesign.net\/it\/wp-json\/wp\/v2\/news\/121339\/revisions"}],"predecessor-version":[{"id":121353,"href":"https:\/\/www.polidesign.net\/it\/wp-json\/wp\/v2\/news\/121339\/revisions\/121353"}],"wp:featuredmedia":[{"embeddable":true,"href":"https:\/\/www.polidesign.net\/it\/wp-json\/wp\/v2\/media\/121340"}],"wp:attachment":[{"href":"https:\/\/www.polidesign.net\/it\/wp-json\/wp\/v2\/media?parent=121339"}],"curies":[{"name":"wp","href":"https:\/\/api.w.org\/{rel}","templated":true}]}}