{"id":24099,"date":"2021-08-01T12:45:33","date_gmt":"2021-08-01T12:45:33","guid":{"rendered":"https:\/\/www.polidesign.net\/?post_type=news&#038;p=24099"},"modified":"2021-08-24T07:22:25","modified_gmt":"2021-08-24T07:22:25","slug":"leta-delleccellenza-il-designer-di-fama-mondiale-mauro-porcini-incontra-il-rettore-del-politecnico-di-milano-ferruccio-resta","status":"publish","type":"news","link":"https:\/\/www.polidesign.net\/it\/news\/leta-delleccellenza-il-designer-di-fama-mondiale-mauro-porcini-incontra-il-rettore-del-politecnico-di-milano-ferruccio-resta\/","title":{"rendered":"L\u2019et\u00e0 dell\u2019eccellenza. Il designer di fama mondiale Mauro Porcini incontra il Rettore del Politecnico di Milano Ferruccio Resta"},"content":{"rendered":"<p>Stiamo entrando in un mondo in cui occorre innovare pi\u00f9 che mai, perch\u00e9 non c\u2019\u00e8 alternativa: o lo si fa, con l\u2019essere umano al centro di tutto, o qualcun altro lo far\u00e0 al posto nostro. Stiamo entrando nell\u2019et\u00e0 dell\u2019eccellenza.<\/p>\n<p>A partire dal suo libro \u201c<strong>L\u2019et\u00e0 dell\u2019eccellenza<\/strong> <em>Innovazione e creativit\u00e0 per costruire un mondo migliore<\/em>\u201d il <strong>designer e manager di spicco internazionale Mauro Porcini<\/strong>, in compagnia del <strong>Rettore del Politecnico di Milano Ferruccio Resta<\/strong>, ci condurr\u00e0 in un\u2019immersione, pratica e teorica, in questo nuovo ed elettrizzante Rinascimento: un\u2019epoca in cui l\u2019uomo \u00e8 tornato a essere il soggetto e l\u2019oggetto di ogni innovazione, e in cui la creazione di un mondo migliore \u00e8 solo a un prototipo di distanza.<\/p>\n<p>Insieme, il designer Mauro Porcini ed il Rettore Ferruccio Resta ci guideranno alla scoperta dell\u2019et\u00e0 dell\u2019eccellenza, lo straordinario momento che stiamo vivendo, in cui le possibilit\u00e0 date dalla <strong>tecnologia<\/strong>, dalla <strong>globalizzazione<\/strong> e dalla <strong>rapidit\u00e0 di comunicazione<\/strong> permettono a qualunque creativo di dare vita a prodotti in grado di competere e superare in successo quelli dei colossi di settore.<\/p>\n<p><strong>Mauro Porcini<\/strong> (Gallarate, 1975) \u00e8 un innovatore, comunicatore, designer e manager. Dopo aver lavorato per <strong>Philips Design<\/strong> e aver fondato la sua <strong>agenzia Wisemad<\/strong>, \u00e8 diventato il <strong>primo chief design officer di 3M<\/strong>, una delle multinazionali pi\u00f9 innovative al mondo. Dal 2012 \u00e8 <strong>senior vice president e<\/strong> <strong>primo chief design officer di PepsiCo<\/strong>, la seconda pi\u00f9 grande azienda al mondo nel campo dell\u2019alimentazione e fabbrica di decine di brand multimiliardari.<\/p>\n<p>L\u2019evento \u00e8 previsto per venerd\u00ec 10 settembre 2021, dalle ore 14:00. Sar\u00e0 possibile assistere all\u2019incontro in presenza, presso l&#8217;Edificio B2, aula B2.1.9, in via Candiani, 72 al\u00a0Politecnico di Milano, oppure online.<\/p>\n<p>Per partecipare \u00e8 necessario iscriversi al seguente <a href=\"https:\/\/forms.office.com\/r\/w3bNsS50Qv\">LINK<\/a> e scegliere la modalit\u00e0 che si preferisce.<\/p>\n","protected":false},"featured_media":24100,"template":"","meta":[],"yoast_head":"<!-- This site is optimized with the Yoast SEO plugin v15.7 - https:\/\/yoast.com\/wordpress\/plugins\/seo\/ -->\n<title>L\u2019et\u00e0 dell\u2019eccellenza. Il designer di fama mondiale Mauro Porcini incontra il Rettore del Politecnico di Milano Ferruccio Resta &bull; POLI.design<\/title>\n<meta name=\"robots\" content=\"index, follow, max-snippet:-1, max-image-preview:large, max-video-preview:-1\" \/>\n<link rel=\"canonical\" href=\"https:\/\/www.polidesign.net\/it\/news\/leta-delleccellenza-il-designer-di-fama-mondiale-mauro-porcini-incontra-il-rettore-del-politecnico-di-milano-ferruccio-resta\/\" \/>\n<meta property=\"og:locale\" content=\"it_IT\" \/>\n<meta property=\"og:type\" content=\"article\" \/>\n<meta property=\"og:title\" content=\"L\u2019et\u00e0 dell\u2019eccellenza. Il designer di fama mondiale Mauro Porcini incontra il Rettore del Politecnico di Milano Ferruccio Resta &bull; POLI.design\" \/>\n<meta property=\"og:description\" content=\"Stiamo entrando in un mondo in cui occorre innovare pi\u00f9 che mai, perch\u00e9 non c\u2019\u00e8 alternativa: o lo si fa, con l\u2019essere umano al centro di tutto, o qualcun altro lo far\u00e0 al posto nostro. Stiamo entrando nell\u2019et\u00e0 dell\u2019eccellenza. A partire dal suo libro \u201cL\u2019et\u00e0 dell\u2019eccellenza Innovazione e creativit\u00e0 per costruire un mondo migliore\u201d il [&hellip;]\" \/>\n<meta property=\"og:url\" content=\"https:\/\/www.polidesign.net\/it\/news\/leta-delleccellenza-il-designer-di-fama-mondiale-mauro-porcini-incontra-il-rettore-del-politecnico-di-milano-ferruccio-resta\/\" \/>\n<meta property=\"og:site_name\" content=\"POLI.design\" \/>\n<meta property=\"article:publisher\" content=\"https:\/\/www.facebook.com\/polidesignmilano\" \/>\n<meta property=\"article:modified_time\" content=\"2021-08-24T07:22:25+00:00\" \/>\n<meta property=\"og:image\" content=\"https:\/\/www.polidesign.net\/wp-content\/uploads\/2021\/08\/square-sito-porcini-01-1.jpg\" \/>\n\t<meta property=\"og:image:width\" content=\"790\" \/>\n\t<meta property=\"og:image:height\" content=\"812\" \/>\n<meta name=\"twitter:card\" content=\"summary_large_image\" \/>\n<meta name=\"twitter:site\" content=\"@POLI_design\" \/>\n<script type=\"application\/ld+json\" class=\"yoast-schema-graph\">{\"@context\":\"https:\/\/schema.org\",\"@graph\":[{\"@type\":\"Organization\",\"@id\":\"https:\/\/www.polidesign.net\/it\/#organization\",\"name\":\"POLI.design\",\"url\":\"https:\/\/www.polidesign.net\/it\/\",\"sameAs\":[\"https:\/\/www.facebook.com\/polidesignmilano\",\"https:\/\/www.instagram.com\/polidesign\/\",\"https:\/\/www.linkedin.com\/company\/polidesign-milano\",\"https:\/\/www.youtube.com\/user\/POLIdesign\",\"https:\/\/twitter.com\/POLI_design\"],\"logo\":{\"@type\":\"ImageObject\",\"@id\":\"https:\/\/www.polidesign.net\/it\/#logo\",\"inLanguage\":\"it-IT\",\"url\":\"https:\/\/www.polidesign.net\/wp-content\/uploads\/2020\/10\/Logo-Polidesign-14.svg\",\"width\":182,\"height\":36,\"caption\":\"POLI.design\"},\"image\":{\"@id\":\"https:\/\/www.polidesign.net\/it\/#logo\"}},{\"@type\":\"WebSite\",\"@id\":\"https:\/\/www.polidesign.net\/it\/#website\",\"url\":\"https:\/\/www.polidesign.net\/it\/\",\"name\":\"POLI.design\",\"description\":\"\",\"publisher\":{\"@id\":\"https:\/\/www.polidesign.net\/it\/#organization\"},\"potentialAction\":[{\"@type\":\"SearchAction\",\"target\":\"https:\/\/www.polidesign.net\/it\/?s={search_term_string}\",\"query-input\":\"required name=search_term_string\"}],\"inLanguage\":\"it-IT\"},{\"@type\":\"ImageObject\",\"@id\":\"https:\/\/www.polidesign.net\/it\/news\/leta-delleccellenza-il-designer-di-fama-mondiale-mauro-porcini-incontra-il-rettore-del-politecnico-di-milano-ferruccio-resta\/#primaryimage\",\"inLanguage\":\"it-IT\",\"url\":\"https:\/\/www.polidesign.net\/wp-content\/uploads\/2021\/08\/square-sito-porcini-01-1.jpg\",\"width\":790,\"height\":812},{\"@type\":\"WebPage\",\"@id\":\"https:\/\/www.polidesign.net\/it\/news\/leta-delleccellenza-il-designer-di-fama-mondiale-mauro-porcini-incontra-il-rettore-del-politecnico-di-milano-ferruccio-resta\/#webpage\",\"url\":\"https:\/\/www.polidesign.net\/it\/news\/leta-delleccellenza-il-designer-di-fama-mondiale-mauro-porcini-incontra-il-rettore-del-politecnico-di-milano-ferruccio-resta\/\",\"name\":\"L\\u2019et\\u00e0 dell\\u2019eccellenza. Il designer di fama mondiale Mauro Porcini incontra il Rettore del Politecnico di Milano Ferruccio Resta &bull; POLI.design\",\"isPartOf\":{\"@id\":\"https:\/\/www.polidesign.net\/it\/#website\"},\"primaryImageOfPage\":{\"@id\":\"https:\/\/www.polidesign.net\/it\/news\/leta-delleccellenza-il-designer-di-fama-mondiale-mauro-porcini-incontra-il-rettore-del-politecnico-di-milano-ferruccio-resta\/#primaryimage\"},\"datePublished\":\"2021-08-01T12:45:33+00:00\",\"dateModified\":\"2021-08-24T07:22:25+00:00\",\"inLanguage\":\"it-IT\",\"potentialAction\":[{\"@type\":\"ReadAction\",\"target\":[\"https:\/\/www.polidesign.net\/it\/news\/leta-delleccellenza-il-designer-di-fama-mondiale-mauro-porcini-incontra-il-rettore-del-politecnico-di-milano-ferruccio-resta\/\"]}]}]}<\/script>\n<!-- \/ Yoast SEO plugin. -->","acf":{"relazioni":{"relazioni":{"corso":"","area_formazione":false,"tipologia_formazione":false,"settore":false,"tags_poli":false,"ways_of_innovation":false,"alumni":false,"people":""}},"cover_title":"L\u2019et\u00e0 dell\u2019eccellenza. Il designer di fama mondiale Mauro Porcini incontra il Rettore del Politecnico di Milano Ferruccio Resta ","cover_subTitle":"","cover_abstract":"<p>Al Politecnico di Milano, il 10 settembre 2021, dalle ore 14:00, il designer e manager di livello internazionale Mauro Porcini ed il Rettore del Politecnico di Milano Ferruccio Resta ci guideranno alla scoperta dell\u2019attuale et\u00e0 dell\u2019eccellenza, in cui l\u2019uomo \u00e8 soggetto e oggetto di ogni innovazione<\/p>\n","cover_image":{"ID":24100,"id":24100,"title":"square sito porcini-01","filename":"square-sito-porcini-01-1.jpg","filesize":93017,"url":"https:\/\/www.polidesign.net\/wp-content\/uploads\/2021\/08\/square-sito-porcini-01-1.jpg","link":"https:\/\/www.polidesign.net\/it\/news\/leta-delleccellenza-il-designer-di-fama-mondiale-mauro-porcini-incontra-il-rettore-del-politecnico-di-milano-ferruccio-resta\/attachment\/square-sito-porcini-01-2\/","alt":"","author":"956","description":"","caption":"","name":"square-sito-porcini-01-2","status":"inherit","uploaded_to":24099,"date":"2021-08-03 12:44:22","modified":"2021-08-03 12:44:22","menu_order":0,"mime_type":"image\/jpeg","type":"image","subtype":"jpeg","icon":"https:\/\/www.polidesign.net\/wp-includes\/images\/media\/default.png","width":790,"height":812,"sizes":{"thumbnail":"https:\/\/www.polidesign.net\/wp-content\/uploads\/2021\/08\/square-sito-porcini-01-1-150x150.jpg","thumbnail-width":150,"thumbnail-height":150,"medium":"https:\/\/www.polidesign.net\/wp-content\/uploads\/2021\/08\/square-sito-porcini-01-1-292x300.jpg","medium-width":292,"medium-height":300,"medium_large":"https:\/\/www.polidesign.net\/wp-content\/uploads\/2021\/08\/square-sito-porcini-01-1-768x789.jpg","medium_large-width":768,"medium_large-height":789,"large":"https:\/\/www.polidesign.net\/wp-content\/uploads\/2021\/08\/square-sito-porcini-01-1.jpg","large-width":790,"large-height":812,"1536x1536":"https:\/\/www.polidesign.net\/wp-content\/uploads\/2021\/08\/square-sito-porcini-01-1.jpg","1536x1536-width":790,"1536x1536-height":812,"2048x2048":"https:\/\/www.polidesign.net\/wp-content\/uploads\/2021\/08\/square-sito-porcini-01-1.jpg","2048x2048-width":790,"2048x2048-height":812}},"cover_imageThumbnail":{"ID":24100,"id":24100,"title":"square sito porcini-01","filename":"square-sito-porcini-01-1.jpg","filesize":93017,"url":"https:\/\/www.polidesign.net\/wp-content\/uploads\/2021\/08\/square-sito-porcini-01-1.jpg","link":"https:\/\/www.polidesign.net\/it\/news\/leta-delleccellenza-il-designer-di-fama-mondiale-mauro-porcini-incontra-il-rettore-del-politecnico-di-milano-ferruccio-resta\/attachment\/square-sito-porcini-01-2\/","alt":"","author":"956","description":"","caption":"","name":"square-sito-porcini-01-2","status":"inherit","uploaded_to":24099,"date":"2021-08-03 12:44:22","modified":"2021-08-03 12:44:22","menu_order":0,"mime_type":"image\/jpeg","type":"image","subtype":"jpeg","icon":"https:\/\/www.polidesign.net\/wp-includes\/images\/media\/default.png","width":790,"height":812,"sizes":{"thumbnail":"https:\/\/www.polidesign.net\/wp-content\/uploads\/2021\/08\/square-sito-porcini-01-1-150x150.jpg","thumbnail-width":150,"thumbnail-height":150,"medium":"https:\/\/www.polidesign.net\/wp-content\/uploads\/2021\/08\/square-sito-porcini-01-1-292x300.jpg","medium-width":292,"medium-height":300,"medium_large":"https:\/\/www.polidesign.net\/wp-content\/uploads\/2021\/08\/square-sito-porcini-01-1-768x789.jpg","medium_large-width":768,"medium_large-height":789,"large":"https:\/\/www.polidesign.net\/wp-content\/uploads\/2021\/08\/square-sito-porcini-01-1.jpg","large-width":790,"large-height":812,"1536x1536":"https:\/\/www.polidesign.net\/wp-content\/uploads\/2021\/08\/square-sito-porcini-01-1.jpg","1536x1536-width":790,"1536x1536-height":812,"2048x2048":"https:\/\/www.polidesign.net\/wp-content\/uploads\/2021\/08\/square-sito-porcini-01-1.jpg","2048x2048-width":790,"2048x2048-height":812}},"flexible":false},"_links":{"self":[{"href":"https:\/\/www.polidesign.net\/it\/wp-json\/wp\/v2\/news\/24099"}],"collection":[{"href":"https:\/\/www.polidesign.net\/it\/wp-json\/wp\/v2\/news"}],"about":[{"href":"https:\/\/www.polidesign.net\/it\/wp-json\/wp\/v2\/types\/news"}],"version-history":[{"count":2,"href":"https:\/\/www.polidesign.net\/it\/wp-json\/wp\/v2\/news\/24099\/revisions"}],"predecessor-version":[{"id":25169,"href":"https:\/\/www.polidesign.net\/it\/wp-json\/wp\/v2\/news\/24099\/revisions\/25169"}],"wp:featuredmedia":[{"embeddable":true,"href":"https:\/\/www.polidesign.net\/it\/wp-json\/wp\/v2\/media\/24100"}],"wp:attachment":[{"href":"https:\/\/www.polidesign.net\/it\/wp-json\/wp\/v2\/media?parent=24099"}],"curies":[{"name":"wp","href":"https:\/\/api.w.org\/{rel}","templated":true}]}}