{"id":29156,"date":"2021-10-01T09:03:27","date_gmt":"2021-10-01T09:03:27","guid":{"rendered":"https:\/\/www.polidesign.net\/?post_type=news&#038;p=29156"},"modified":"2021-10-01T16:41:24","modified_gmt":"2021-10-01T16:41:24","slug":"dialoghi-sulla-bellezza","status":"publish","type":"news","link":"https:\/\/www.polidesign.net\/it\/news\/dialoghi-sulla-bellezza\/","title":{"rendered":"Dialoghi sulla Bellezza"},"content":{"rendered":"","protected":false},"featured_media":29245,"template":"","meta":[],"yoast_head":"<!-- This site is optimized with the Yoast SEO plugin v15.7 - https:\/\/yoast.com\/wordpress\/plugins\/seo\/ -->\n<title>Dialoghi sulla Bellezza &bull; POLI.design<\/title>\n<meta name=\"robots\" content=\"index, follow, max-snippet:-1, max-image-preview:large, max-video-preview:-1\" \/>\n<link rel=\"canonical\" href=\"https:\/\/www.polidesign.net\/it\/news\/dialoghi-sulla-bellezza\/\" \/>\n<meta property=\"og:locale\" content=\"it_IT\" \/>\n<meta property=\"og:type\" content=\"article\" \/>\n<meta property=\"og:title\" content=\"Dialoghi sulla Bellezza &bull; POLI.design\" \/>\n<meta property=\"og:url\" content=\"https:\/\/www.polidesign.net\/it\/news\/dialoghi-sulla-bellezza\/\" \/>\n<meta property=\"og:site_name\" content=\"POLI.design\" \/>\n<meta property=\"article:publisher\" content=\"https:\/\/www.facebook.com\/polidesignmilano\" \/>\n<meta property=\"article:modified_time\" content=\"2021-10-01T16:41:24+00:00\" \/>\n<meta property=\"og:image\" content=\"https:\/\/www.polidesign.net\/wp-content\/uploads\/2021\/10\/square-sito.png\" \/>\n\t<meta property=\"og:image:width\" content=\"1080\" \/>\n\t<meta property=\"og:image:height\" content=\"1080\" \/>\n<meta name=\"twitter:card\" content=\"summary_large_image\" \/>\n<meta name=\"twitter:site\" content=\"@POLI_design\" \/>\n<script type=\"application\/ld+json\" class=\"yoast-schema-graph\">{\"@context\":\"https:\/\/schema.org\",\"@graph\":[{\"@type\":\"Organization\",\"@id\":\"https:\/\/www.polidesign.net\/it\/#organization\",\"name\":\"POLI.design\",\"url\":\"https:\/\/www.polidesign.net\/it\/\",\"sameAs\":[\"https:\/\/www.facebook.com\/polidesignmilano\",\"https:\/\/www.instagram.com\/polidesign\/\",\"https:\/\/www.linkedin.com\/company\/polidesign-milano\",\"https:\/\/www.youtube.com\/user\/POLIdesign\",\"https:\/\/twitter.com\/POLI_design\"],\"logo\":{\"@type\":\"ImageObject\",\"@id\":\"https:\/\/www.polidesign.net\/it\/#logo\",\"inLanguage\":\"it-IT\",\"url\":\"https:\/\/www.polidesign.net\/wp-content\/uploads\/2020\/10\/Logo-Polidesign-14.svg\",\"width\":182,\"height\":36,\"caption\":\"POLI.design\"},\"image\":{\"@id\":\"https:\/\/www.polidesign.net\/it\/#logo\"}},{\"@type\":\"WebSite\",\"@id\":\"https:\/\/www.polidesign.net\/it\/#website\",\"url\":\"https:\/\/www.polidesign.net\/it\/\",\"name\":\"POLI.design\",\"description\":\"\",\"publisher\":{\"@id\":\"https:\/\/www.polidesign.net\/it\/#organization\"},\"potentialAction\":[{\"@type\":\"SearchAction\",\"target\":\"https:\/\/www.polidesign.net\/it\/?s={search_term_string}\",\"query-input\":\"required name=search_term_string\"}],\"inLanguage\":\"it-IT\"},{\"@type\":\"ImageObject\",\"@id\":\"https:\/\/www.polidesign.net\/it\/news\/dialoghi-sulla-bellezza\/#primaryimage\",\"inLanguage\":\"it-IT\",\"url\":\"https:\/\/www.polidesign.net\/wp-content\/uploads\/2021\/10\/square-sito.png\",\"width\":1080,\"height\":1080},{\"@type\":\"WebPage\",\"@id\":\"https:\/\/www.polidesign.net\/it\/news\/dialoghi-sulla-bellezza\/#webpage\",\"url\":\"https:\/\/www.polidesign.net\/it\/news\/dialoghi-sulla-bellezza\/\",\"name\":\"Dialoghi sulla Bellezza &bull; POLI.design\",\"isPartOf\":{\"@id\":\"https:\/\/www.polidesign.net\/it\/#website\"},\"primaryImageOfPage\":{\"@id\":\"https:\/\/www.polidesign.net\/it\/news\/dialoghi-sulla-bellezza\/#primaryimage\"},\"datePublished\":\"2021-10-01T09:03:27+00:00\",\"dateModified\":\"2021-10-01T16:41:24+00:00\",\"inLanguage\":\"it-IT\",\"potentialAction\":[{\"@type\":\"ReadAction\",\"target\":[\"https:\/\/www.polidesign.net\/it\/news\/dialoghi-sulla-bellezza\/\"]}]}]}<\/script>\n<!-- \/ Yoast SEO plugin. -->","acf":{"relazioni":{"relazioni":{"corso":"","area_formazione":false,"tipologia_formazione":false,"settore":false,"tags_poli":false,"ways_of_innovation":false,"alumni":false,"people":""}},"cover_title":"\"Dialoghi sulla Bellezza\" ","cover_subTitle":"Gli appuntamenti di Banca Ifis dedicati al progetto #EconomiaDellaBellezza, l'inedito studio che ha lo scopo di valorizzare la bellezza italiana e misurare il suo valore economico.","cover_abstract":"<p>Gli ospiti del primo appuntamento, \u201cLa bellezza come capitale culturale \u201c, tenutosi nell\u2019 ADI Design Museum, sono stati Francesco Zurlo, Presidente POLI.design e Antonio Calabr\u00f2, Presidente Museimpresa. <\/p>\n","cover_image":{"ID":29245,"id":29245,"title":"square sito","filename":"square-sito.png","filesize":452287,"url":"https:\/\/www.polidesign.net\/wp-content\/uploads\/2021\/10\/square-sito.png","link":"https:\/\/www.polidesign.net\/it\/news\/dialoghi-sulla-bellezza\/attachment\/square-sito-7\/","alt":"","author":"1577","description":"","caption":"","name":"square-sito-7","status":"inherit","uploaded_to":29156,"date":"2021-10-01 15:50:31","modified":"2021-10-01 15:50:31","menu_order":0,"mime_type":"image\/png","type":"image","subtype":"png","icon":"https:\/\/www.polidesign.net\/wp-includes\/images\/media\/default.png","width":1080,"height":1080,"sizes":{"thumbnail":"https:\/\/www.polidesign.net\/wp-content\/uploads\/2021\/10\/square-sito-150x150.png","thumbnail-width":150,"thumbnail-height":150,"medium":"https:\/\/www.polidesign.net\/wp-content\/uploads\/2021\/10\/square-sito-300x300.png","medium-width":300,"medium-height":300,"medium_large":"https:\/\/www.polidesign.net\/wp-content\/uploads\/2021\/10\/square-sito-768x768.png","medium_large-width":768,"medium_large-height":768,"large":"https:\/\/www.polidesign.net\/wp-content\/uploads\/2021\/10\/square-sito-1024x1024.png","large-width":1024,"large-height":1024,"1536x1536":"https:\/\/www.polidesign.net\/wp-content\/uploads\/2021\/10\/square-sito.png","1536x1536-width":1080,"1536x1536-height":1080,"2048x2048":"https:\/\/www.polidesign.net\/wp-content\/uploads\/2021\/10\/square-sito.png","2048x2048-width":1080,"2048x2048-height":1080}},"cover_imageThumbnail":{"ID":29245,"id":29245,"title":"square sito","filename":"square-sito.png","filesize":452287,"url":"https:\/\/www.polidesign.net\/wp-content\/uploads\/2021\/10\/square-sito.png","link":"https:\/\/www.polidesign.net\/it\/news\/dialoghi-sulla-bellezza\/attachment\/square-sito-7\/","alt":"","author":"1577","description":"","caption":"","name":"square-sito-7","status":"inherit","uploaded_to":29156,"date":"2021-10-01 15:50:31","modified":"2021-10-01 15:50:31","menu_order":0,"mime_type":"image\/png","type":"image","subtype":"png","icon":"https:\/\/www.polidesign.net\/wp-includes\/images\/media\/default.png","width":1080,"height":1080,"sizes":{"thumbnail":"https:\/\/www.polidesign.net\/wp-content\/uploads\/2021\/10\/square-sito-150x150.png","thumbnail-width":150,"thumbnail-height":150,"medium":"https:\/\/www.polidesign.net\/wp-content\/uploads\/2021\/10\/square-sito-300x300.png","medium-width":300,"medium-height":300,"medium_large":"https:\/\/www.polidesign.net\/wp-content\/uploads\/2021\/10\/square-sito-768x768.png","medium_large-width":768,"medium_large-height":768,"large":"https:\/\/www.polidesign.net\/wp-content\/uploads\/2021\/10\/square-sito-1024x1024.png","large-width":1024,"large-height":1024,"1536x1536":"https:\/\/www.polidesign.net\/wp-content\/uploads\/2021\/10\/square-sito.png","1536x1536-width":1080,"1536x1536-height":1080,"2048x2048":"https:\/\/www.polidesign.net\/wp-content\/uploads\/2021\/10\/square-sito.png","2048x2048-width":1080,"2048x2048-height":1080}},"flexible":[{"acf_fc_layout":"simpleTitleText","layout_settings":{"color":"default","component_title":{"isActive":false,"testo":""}},"acfe_flexible_toggle":"","acfe_flexible_layout_title":"Simple Title + Text","numero_di_colonne":"1","content":{"occhiello":"","title":"","title_style":"normal","text":"<p>In occasione del progetto <strong>Economia della Bellezza<\/strong>, studio con lo scopo di valorizzare la bellezza italiana e misurarne il valore economico, <strong>Banca Ifis<\/strong> ha organizzato una serie di appuntamenti dal titolo &#8220;Dialoghi sulla Bellezza&#8221;.<\/p>\n<p>Gli ospiti del primo appuntamento, &#8220;<em>La bellezza come capitale culturale &#8220;<\/em>, tenutosi nell&#8217; ADI Design Museum, sono stati <strong>Antonio Calabr\u00f2<\/strong>, Presidente Museimpresa, e <strong>Francesco Zurlo<\/strong>, Presidente POLI.design. Agli intervistati \u00e8 stato chiesto cosa significhi per loro &#8216;bellezza&#8217;\u00a0 e a riguardo il Presiedente di POLI.design ha affermato che <em>\u00abla bellezza \u00e8 una dimensione di senso: ci pu\u00f2 essere senso in un prodotto che risponde a requisiti funzionali o ci pu\u00f2 essere bellezza in un prodotto che ti prende le viscere\u00bb<\/em>.<\/p>\n<p>L&#8217;Economia della Bellezza inoltre \u00e8 il tema al centro del <em>Padiglione Venezia alla 17\u00b0 Mostra Internazionale di Architettura,<\/em> in programma fino al 21 novembre 2021. Tale concetto nasce dall&#8217;unione di due mondi apparentemente antitetici, l&#8217;arte e la finanza, e viene definito come la &#8220;valorizzazione del nostro patrimonio culturale, architettonico, enogastronomico, di tradizioni, di identit\u00e0&#8221; (cit. Emilio Casalini, 2020).<\/p>\n<p>Per l&#8217;occasione <strong>Banca Ifis,<\/strong>\u00a0Gold Partner del Padiglione, ha realizzato un <strong>Market Watch <\/strong>dedicato effettuando un approfondito studio sull&#8217;impatto economico della bellezza sul nostro Pese. Per realizzare tale studio ha deciso di confrontarsi con alcuni partner di progetto, tra i quali <strong>POLI.design,<\/strong>\u00a0che quotidianamente operano a servizio della bellezza.<\/p>\n<p>A partire dai dati e dalle ricerche \u00e8 stata realizzata una suggestiva installazione <em>\u201cEconomia della Bellezza<\/em>\u201d, a cura di <strong>Giovanna Zabotti <\/strong>e ad opera delle <strong>artiste<\/strong> <strong>Marina e Susanna Sent, <\/strong>composta da un piano in vetro di Murano, rappresentante gli attori e i luoghi dell\u2019economia della Bellezza, e da dei fasci LED che rendono visibili le relazioni tra attori e luoghi. Inoltre, \u00e8 proiettato un video sulla parete che mostra i principali dati e le keyword della ricerca.<\/p>\n<p><strong><span style=\"color: #7a97ab\"><a style=\"color: #7a97ab\" href=\"https:\/\/www.bancaifis.it\/progetti-speciali\/economia-bellezza\/?fbclid=IwAR1bxDMwJMaNmOv9hwhHUqah6XsSjYvHejJDqC1YJCZ4UIVHxPds0Oxsphc\" target=\"_blank\" rel=\"noopener\">Scopri di pi\u00f9<\/a><\/span><\/strong> sul Market Watch dedicato alla Bellezza italiana.<\/p>\n<p>#BancaIfis #HowWillWeLiveTogether<\/p>\n","":null,"azione_cta":"legacyLink","cta_style":"normal","cta_align":"left","cta":"","titolo_cta":"","modali_disponibil":false,"hubspot_id":"","prefill_campo_richiesta":""},"content_right":{"occhiello":"","title":"","title_style":"normal","text":"","":null,"azione_cta":"","cta_style":"normal","cta_align":"left","cta":null,"titolo_cta":"","modali_disponibil":false,"hubspot_id":"","prefill_campo_richiesta":""}},{"acf_fc_layout":"videoPlayer","layout_settings":{"color":"default","component_title":{"isActive":false,"testo":""}},"acfe_flexible_toggle":"","acfe_flexible_layout_title":"Video Player","youtube_video_url":"<a href=\"https:\/\/www.youtube.com\/watch?v=9K7qV-g1lfE\">https:\/\/www.youtube.com\/watch?v=9K7qV-g1lfE<\/a>"}]},"_links":{"self":[{"href":"https:\/\/www.polidesign.net\/it\/wp-json\/wp\/v2\/news\/29156"}],"collection":[{"href":"https:\/\/www.polidesign.net\/it\/wp-json\/wp\/v2\/news"}],"about":[{"href":"https:\/\/www.polidesign.net\/it\/wp-json\/wp\/v2\/types\/news"}],"version-history":[{"count":14,"href":"https:\/\/www.polidesign.net\/it\/wp-json\/wp\/v2\/news\/29156\/revisions"}],"predecessor-version":[{"id":29276,"href":"https:\/\/www.polidesign.net\/it\/wp-json\/wp\/v2\/news\/29156\/revisions\/29276"}],"wp:featuredmedia":[{"embeddable":true,"href":"https:\/\/www.polidesign.net\/it\/wp-json\/wp\/v2\/media\/29245"}],"wp:attachment":[{"href":"https:\/\/www.polidesign.net\/it\/wp-json\/wp\/v2\/media?parent=29156"}],"curies":[{"name":"wp","href":"https:\/\/api.w.org\/{rel}","templated":true}]}}