{"id":4453,"date":"2019-04-01T17:43:14","date_gmt":"2019-04-01T17:43:14","guid":{"rendered":"https:\/\/staging.polidesign.net\/?post_type=news&#038;p=4453"},"modified":"2021-02-03T18:56:29","modified_gmt":"2021-02-03T18:56:29","slug":"poli-design-international-design-week-2019","status":"publish","type":"news","link":"https:\/\/www.polidesign.net\/it\/news\/poli-design-international-design-week-2019\/","title":{"rendered":"POLI.design International @ Design Week 2019"},"content":{"rendered":"<p>Al via la Milano Design Week 2019: una settimana ricca di impegni, che vedr\u00e0 POLI.design animare numerose iniziative dedicate al proprio network internazionale.<\/p>\n<p>La settimana si \u00e8 aperta in anticipo quest\u2019anno per POLI.design, con l\u2019avvio delle lezioni del Workshop 2019 dell\u2019Executive Master EMDM (Design Management For Innovative Environments), realizzato in collaborazione con MIP Graduate School of Business e la Tongji University di Shanghai: dal 1 al 30 aprile la classe composta da professionisti provenienti da tutta la Cina avr\u00e0 modo di alternare lezioni teoriche, lavori progettuali e visite guidate ai luoghi di Milano pi\u00f9 tradizionalmente legati al mondo del design.<\/p>\n<p>Sono stati inoltre attivati otto distinti percorsi formativi, realizzati da POLI.design per altrettanti gruppi di professionisti provenienti dal Brasile, dalla Cina e dagli Emirati Arabi: POLI.design offre infatti a imprese, enti e associazioni in tutto il mondo, corsi e study tour che possono essere scelti a catalogo o progettati on demand, sulla base delle necessit\u00e0 dell\u2019impresa, della sua organizzazione e del suo mercato di riferimento.<\/p>\n<p>Il Corso in Lighting Design, ad esempio, realizzato per l\u2019agenzia Brasiliana PH North, vedr\u00e0 una classe di 25 progettisti coinvolti per un\u2019intera giornata in lezioni frontali, esercitazioni e visite guidate presso Showroom di importanti Brand nel campo dell\u2019illuminazione, sotto la guida del Prof. Gianni Forcolini.<\/p>\n<p>L\u2019approccio Made in Italy nel campo del design degli interni sar\u00e0 invece il focus di Interior Design: new trends and scenarios, il corso appositamente realizzato per un gruppo di 16 professionisti della Guangdong Kangda Meishuo Home co., ltd, a cura delle Prof.sse Cinzia Pagni e Gisella Veronese.<\/p>\n<p>Terza iniziativa in programma: MILAN STUDY TOUR &#8211; APRIL 2019. Quattro giornate di formazione dedicate alla Design driven innovation, durante le quali i Docenti Lucia Rampino, Mario Bisson e Francesca Mattioli si confronteranno con un gruppo di designer Cinesi di VIA VOGUE CONSULTANT.<\/p>\n<p>La settimana del design continuer\u00e0 poi con altri appuntamenti dedicati ai temi del Retail e del Furniture. Il primo sar\u00e0 al centro dello Study Tour di due giorni Retail Store Design for Fashion Brand, che vedr\u00e0 la Prof.ssa Elena Marinoni guidare un gruppo di designer cinesi di CITIEXPO LIMITED.<\/p>\n<p>Il Furniture Design, invece, sar\u00e0 il protagonista di Made in Italy Furniture and Interior Design: new trends and scenarios, il corso realizzato per ASIAPROMOTION che vedr\u00e0 pi\u00f9 di trenta prfessionisti cinesi confrontarsi con i docenti Marta Conconi e Laura Galluzzo.<\/p>\n<p>Sempre di Furniture si parler\u00e0 in occasione del corso LATEST TRENDS OF MADE IN ITALY FURNITURE DESIGN, tenuto dalla Prof.ssa Elena Elgani per il gruppo cinese di FRAYIN INTERNATIONAL SRL.<\/p>\n<p>A chiudere questa intensa settimana il gruppo di studenti della American University in Dubai concluder\u00e0 il proprio Study Tour a Milano con un momento di formazione sull\u2019Interior Design Made in Italy a cura dei Prof. Francesco Scullica e Marta Conconi, in programma proprio presso il Salone del Mobile di Milano, a Rho-Fiera.<\/p>\n<p>L\u2019ultimo momento formativo, realizzato per il gruppo di fashion designer cinesi di Jiaxing HUALI Sweater Technology Development, sar\u00e0 a cura del Prof. Giovanni Maria Conti e di Martina Motta e vedr\u00e0 protagonista la moda, pi\u00f9 precisamente il Design della Maglieria. Dopo un momento di lezione frontale, il programma di questo corso prevede visite guidate a showroom di aziende dell\u2019alta moda italiana a Milano e Biella.<\/p>\n","protected":false},"featured_media":9059,"template":"","meta":[],"yoast_head":"<!-- This site is optimized with the Yoast SEO plugin v15.7 - https:\/\/yoast.com\/wordpress\/plugins\/seo\/ -->\n<title>POLI.design International @ Design Week 2019 &bull; POLI.design<\/title>\n<meta name=\"robots\" content=\"index, follow, max-snippet:-1, max-image-preview:large, max-video-preview:-1\" \/>\n<link rel=\"canonical\" href=\"https:\/\/www.polidesign.net\/it\/news\/poli-design-international-design-week-2019\/\" \/>\n<meta property=\"og:locale\" content=\"it_IT\" \/>\n<meta property=\"og:type\" content=\"article\" \/>\n<meta property=\"og:title\" content=\"POLI.design International @ Design Week 2019 &bull; POLI.design\" \/>\n<meta property=\"og:description\" content=\"Al via la Milano Design Week 2019: una settimana ricca di impegni, che vedr\u00e0 POLI.design animare numerose iniziative dedicate al proprio network internazionale. La settimana si \u00e8 aperta in anticipo quest\u2019anno per POLI.design, con l\u2019avvio delle lezioni del Workshop 2019 dell\u2019Executive Master EMDM (Design Management For Innovative Environments), realizzato in collaborazione con MIP Graduate School [&hellip;]\" \/>\n<meta property=\"og:url\" content=\"https:\/\/www.polidesign.net\/it\/news\/poli-design-international-design-week-2019\/\" \/>\n<meta property=\"og:site_name\" content=\"POLI.design\" \/>\n<meta property=\"article:publisher\" content=\"https:\/\/www.facebook.com\/polidesignmilano\" \/>\n<meta property=\"article:modified_time\" content=\"2021-02-03T18:56:29+00:00\" \/>\n<meta property=\"og:image\" content=\"https:\/\/www.polidesign.net\/wp-content\/uploads\/2019\/04\/47577771471_396cf191f8_o.jpg\" \/>\n\t<meta property=\"og:image:width\" content=\"1620\" \/>\n\t<meta property=\"og:image:height\" content=\"1080\" \/>\n<meta name=\"twitter:card\" content=\"summary_large_image\" \/>\n<meta name=\"twitter:site\" content=\"@POLI_design\" \/>\n<script type=\"application\/ld+json\" class=\"yoast-schema-graph\">{\"@context\":\"https:\/\/schema.org\",\"@graph\":[{\"@type\":\"Organization\",\"@id\":\"https:\/\/www.polidesign.net\/it\/#organization\",\"name\":\"POLI.design\",\"url\":\"https:\/\/www.polidesign.net\/it\/\",\"sameAs\":[\"https:\/\/www.facebook.com\/polidesignmilano\",\"https:\/\/www.instagram.com\/polidesign\/\",\"https:\/\/www.linkedin.com\/company\/polidesign-milano\",\"https:\/\/www.youtube.com\/user\/POLIdesign\",\"https:\/\/twitter.com\/POLI_design\"],\"logo\":{\"@type\":\"ImageObject\",\"@id\":\"https:\/\/www.polidesign.net\/it\/#logo\",\"inLanguage\":\"it-IT\",\"url\":\"https:\/\/www.polidesign.net\/wp-content\/uploads\/2020\/10\/Logo-Polidesign-14.svg\",\"width\":182,\"height\":36,\"caption\":\"POLI.design\"},\"image\":{\"@id\":\"https:\/\/www.polidesign.net\/it\/#logo\"}},{\"@type\":\"WebSite\",\"@id\":\"https:\/\/www.polidesign.net\/it\/#website\",\"url\":\"https:\/\/www.polidesign.net\/it\/\",\"name\":\"POLI.design\",\"description\":\"\",\"publisher\":{\"@id\":\"https:\/\/www.polidesign.net\/it\/#organization\"},\"potentialAction\":[{\"@type\":\"SearchAction\",\"target\":\"https:\/\/www.polidesign.net\/it\/?s={search_term_string}\",\"query-input\":\"required name=search_term_string\"}],\"inLanguage\":\"it-IT\"},{\"@type\":\"ImageObject\",\"@id\":\"https:\/\/www.polidesign.net\/it\/news\/poli-design-international-design-week-2019\/#primaryimage\",\"inLanguage\":\"it-IT\",\"url\":\"https:\/\/www.polidesign.net\/wp-content\/uploads\/2019\/04\/Tavola-disegno-14-100.jpg\",\"width\":801,\"height\":801},{\"@type\":\"WebPage\",\"@id\":\"https:\/\/www.polidesign.net\/it\/news\/poli-design-international-design-week-2019\/#webpage\",\"url\":\"https:\/\/www.polidesign.net\/it\/news\/poli-design-international-design-week-2019\/\",\"name\":\"POLI.design International @ Design Week 2019 &bull; POLI.design\",\"isPartOf\":{\"@id\":\"https:\/\/www.polidesign.net\/it\/#website\"},\"primaryImageOfPage\":{\"@id\":\"https:\/\/www.polidesign.net\/it\/news\/poli-design-international-design-week-2019\/#primaryimage\"},\"datePublished\":\"2019-04-01T17:43:14+00:00\",\"dateModified\":\"2021-02-03T18:56:29+00:00\",\"inLanguage\":\"it-IT\",\"potentialAction\":[{\"@type\":\"ReadAction\",\"target\":[\"https:\/\/www.polidesign.net\/it\/news\/poli-design-international-design-week-2019\/\"]}]}]}<\/script>\n<!-- \/ Yoast SEO plugin. -->","acf":{"relazioni":{"relazioni":{"corso":"","area_formazione":false,"tipologia_formazione":false,"settore":false,"tags_poli":[{"term_id":563,"name":"International","slug":"international","term_group":0,"term_taxonomy_id":563,"taxonomy":"settore_POLI","description":"","parent":0,"count":45,"filter":"raw","term_order":"0"}],"ways_of_innovation":false,"alumni":false,"people":""}},"cover_title":"POLI.design International @ Design Week 2019","cover_subTitle":"","cover_abstract":"","cover_image":{"ID":9059,"id":9059,"title":"Tavola disegno 14-100","filename":"Tavola-disegno-14-100.jpg","filesize":39948,"url":"https:\/\/www.polidesign.net\/wp-content\/uploads\/2019\/04\/Tavola-disegno-14-100.jpg","link":"https:\/\/www.polidesign.net\/it\/news\/poli-design-international-design-week-2019\/attachment\/tavola-disegno-14-100\/","alt":"","author":"37","description":"","caption":"","name":"tavola-disegno-14-100","status":"inherit","uploaded_to":4453,"date":"2021-02-03 18:56:14","modified":"2021-02-03 18:56:14","menu_order":0,"mime_type":"image\/jpeg","type":"image","subtype":"jpeg","icon":"https:\/\/www.polidesign.net\/wp-includes\/images\/media\/default.png","width":801,"height":801,"sizes":{"thumbnail":"https:\/\/www.polidesign.net\/wp-content\/uploads\/2019\/04\/Tavola-disegno-14-100-150x150.jpg","thumbnail-width":150,"thumbnail-height":150,"medium":"https:\/\/www.polidesign.net\/wp-content\/uploads\/2019\/04\/Tavola-disegno-14-100-300x300.jpg","medium-width":300,"medium-height":300,"medium_large":"https:\/\/www.polidesign.net\/wp-content\/uploads\/2019\/04\/Tavola-disegno-14-100-768x768.jpg","medium_large-width":768,"medium_large-height":768,"large":"https:\/\/www.polidesign.net\/wp-content\/uploads\/2019\/04\/Tavola-disegno-14-100.jpg","large-width":801,"large-height":801,"1536x1536":"https:\/\/www.polidesign.net\/wp-content\/uploads\/2019\/04\/Tavola-disegno-14-100.jpg","1536x1536-width":801,"1536x1536-height":801,"2048x2048":"https:\/\/www.polidesign.net\/wp-content\/uploads\/2019\/04\/Tavola-disegno-14-100.jpg","2048x2048-width":801,"2048x2048-height":801}},"cover_imageThumbnail":{"ID":9059,"id":9059,"title":"Tavola disegno 14-100","filename":"Tavola-disegno-14-100.jpg","filesize":39948,"url":"https:\/\/www.polidesign.net\/wp-content\/uploads\/2019\/04\/Tavola-disegno-14-100.jpg","link":"https:\/\/www.polidesign.net\/it\/news\/poli-design-international-design-week-2019\/attachment\/tavola-disegno-14-100\/","alt":"","author":"37","description":"","caption":"","name":"tavola-disegno-14-100","status":"inherit","uploaded_to":4453,"date":"2021-02-03 18:56:14","modified":"2021-02-03 18:56:14","menu_order":0,"mime_type":"image\/jpeg","type":"image","subtype":"jpeg","icon":"https:\/\/www.polidesign.net\/wp-includes\/images\/media\/default.png","width":801,"height":801,"sizes":{"thumbnail":"https:\/\/www.polidesign.net\/wp-content\/uploads\/2019\/04\/Tavola-disegno-14-100-150x150.jpg","thumbnail-width":150,"thumbnail-height":150,"medium":"https:\/\/www.polidesign.net\/wp-content\/uploads\/2019\/04\/Tavola-disegno-14-100-300x300.jpg","medium-width":300,"medium-height":300,"medium_large":"https:\/\/www.polidesign.net\/wp-content\/uploads\/2019\/04\/Tavola-disegno-14-100-768x768.jpg","medium_large-width":768,"medium_large-height":768,"large":"https:\/\/www.polidesign.net\/wp-content\/uploads\/2019\/04\/Tavola-disegno-14-100.jpg","large-width":801,"large-height":801,"1536x1536":"https:\/\/www.polidesign.net\/wp-content\/uploads\/2019\/04\/Tavola-disegno-14-100.jpg","1536x1536-width":801,"1536x1536-height":801,"2048x2048":"https:\/\/www.polidesign.net\/wp-content\/uploads\/2019\/04\/Tavola-disegno-14-100.jpg","2048x2048-width":801,"2048x2048-height":801}},"flexible":false},"_links":{"self":[{"href":"https:\/\/www.polidesign.net\/it\/wp-json\/wp\/v2\/news\/4453"}],"collection":[{"href":"https:\/\/www.polidesign.net\/it\/wp-json\/wp\/v2\/news"}],"about":[{"href":"https:\/\/www.polidesign.net\/it\/wp-json\/wp\/v2\/types\/news"}],"version-history":[{"count":1,"href":"https:\/\/www.polidesign.net\/it\/wp-json\/wp\/v2\/news\/4453\/revisions"}],"predecessor-version":[{"id":9061,"href":"https:\/\/www.polidesign.net\/it\/wp-json\/wp\/v2\/news\/4453\/revisions\/9061"}],"wp:featuredmedia":[{"embeddable":true,"href":"https:\/\/www.polidesign.net\/it\/wp-json\/wp\/v2\/media\/9059"}],"wp:attachment":[{"href":"https:\/\/www.polidesign.net\/it\/wp-json\/wp\/v2\/media?parent=4453"}],"curies":[{"name":"wp","href":"https:\/\/api.w.org\/{rel}","templated":true}]}}