{"id":44679,"date":"2022-05-05T10:39:58","date_gmt":"2022-05-05T10:39:58","guid":{"rendered":"https:\/\/www.polidesign.net\/?post_type=news&#038;p=44679"},"modified":"2022-11-09T11:44:55","modified_gmt":"2022-11-09T11:44:55","slug":"nominato-il-nuovo-consiglio-di-amministrazione-di-poli-design","status":"publish","type":"news","link":"https:\/\/www.polidesign.net\/it\/news\/nominato-il-nuovo-consiglio-di-amministrazione-di-poli-design\/","title":{"rendered":"Nominato il nuovo Consiglio di Amministrazione di POLI.design"},"content":{"rendered":"","protected":false},"featured_media":44809,"template":"","meta":[],"yoast_head":"<!-- This site is optimized with the Yoast SEO plugin v15.7 - https:\/\/yoast.com\/wordpress\/plugins\/seo\/ -->\n<title>Nominato il nuovo Consiglio di Amministrazione di POLI.design &bull; POLI.design<\/title>\n<meta name=\"robots\" content=\"index, follow, max-snippet:-1, max-image-preview:large, max-video-preview:-1\" \/>\n<link rel=\"canonical\" href=\"https:\/\/www.polidesign.net\/it\/news\/nominato-il-nuovo-consiglio-di-amministrazione-di-poli-design\/\" \/>\n<meta property=\"og:locale\" content=\"it_IT\" \/>\n<meta property=\"og:type\" content=\"article\" \/>\n<meta property=\"og:title\" content=\"Nominato il nuovo Consiglio di Amministrazione di POLI.design &bull; POLI.design\" \/>\n<meta property=\"og:url\" content=\"https:\/\/www.polidesign.net\/it\/news\/nominato-il-nuovo-consiglio-di-amministrazione-di-poli-design\/\" \/>\n<meta property=\"og:site_name\" content=\"POLI.design\" \/>\n<meta property=\"article:publisher\" content=\"https:\/\/www.facebook.com\/polidesignmilano\" \/>\n<meta property=\"article:modified_time\" content=\"2022-11-09T11:44:55+00:00\" \/>\n<meta property=\"og:image\" content=\"https:\/\/www.polidesign.net\/wp-content\/uploads\/2022\/05\/Cabirio-Cautela-e-Matteo-O.-Ingaramo.jpg\" \/>\n\t<meta property=\"og:image:width\" content=\"1163\" \/>\n\t<meta property=\"og:image:height\" content=\"1167\" \/>\n<meta name=\"twitter:card\" content=\"summary_large_image\" \/>\n<meta name=\"twitter:site\" content=\"@POLI_design\" \/>\n<script type=\"application\/ld+json\" class=\"yoast-schema-graph\">{\"@context\":\"https:\/\/schema.org\",\"@graph\":[{\"@type\":\"Organization\",\"@id\":\"https:\/\/www.polidesign.net\/it\/#organization\",\"name\":\"POLI.design\",\"url\":\"https:\/\/www.polidesign.net\/it\/\",\"sameAs\":[\"https:\/\/www.facebook.com\/polidesignmilano\",\"https:\/\/www.instagram.com\/polidesign\/\",\"https:\/\/www.linkedin.com\/company\/polidesign-milano\",\"https:\/\/www.youtube.com\/user\/POLIdesign\",\"https:\/\/twitter.com\/POLI_design\"],\"logo\":{\"@type\":\"ImageObject\",\"@id\":\"https:\/\/www.polidesign.net\/it\/#logo\",\"inLanguage\":\"it-IT\",\"url\":\"https:\/\/www.polidesign.net\/wp-content\/uploads\/2020\/10\/Logo-Polidesign-14.svg\",\"width\":182,\"height\":36,\"caption\":\"POLI.design\"},\"image\":{\"@id\":\"https:\/\/www.polidesign.net\/it\/#logo\"}},{\"@type\":\"WebSite\",\"@id\":\"https:\/\/www.polidesign.net\/it\/#website\",\"url\":\"https:\/\/www.polidesign.net\/it\/\",\"name\":\"POLI.design\",\"description\":\"\",\"publisher\":{\"@id\":\"https:\/\/www.polidesign.net\/it\/#organization\"},\"potentialAction\":[{\"@type\":\"SearchAction\",\"target\":\"https:\/\/www.polidesign.net\/it\/?s={search_term_string}\",\"query-input\":\"required name=search_term_string\"}],\"inLanguage\":\"it-IT\"},{\"@type\":\"ImageObject\",\"@id\":\"https:\/\/www.polidesign.net\/it\/news\/nominato-il-nuovo-consiglio-di-amministrazione-di-poli-design\/#primaryimage\",\"inLanguage\":\"it-IT\",\"url\":\"https:\/\/www.polidesign.net\/wp-content\/uploads\/2022\/05\/Cabirio-Cautela-e-Matteo-O.-Ingaramo.jpg\",\"width\":1163,\"height\":1167},{\"@type\":\"WebPage\",\"@id\":\"https:\/\/www.polidesign.net\/it\/news\/nominato-il-nuovo-consiglio-di-amministrazione-di-poli-design\/#webpage\",\"url\":\"https:\/\/www.polidesign.net\/it\/news\/nominato-il-nuovo-consiglio-di-amministrazione-di-poli-design\/\",\"name\":\"Nominato il nuovo Consiglio di Amministrazione di POLI.design &bull; POLI.design\",\"isPartOf\":{\"@id\":\"https:\/\/www.polidesign.net\/it\/#website\"},\"primaryImageOfPage\":{\"@id\":\"https:\/\/www.polidesign.net\/it\/news\/nominato-il-nuovo-consiglio-di-amministrazione-di-poli-design\/#primaryimage\"},\"datePublished\":\"2022-05-05T10:39:58+00:00\",\"dateModified\":\"2022-11-09T11:44:55+00:00\",\"inLanguage\":\"it-IT\",\"potentialAction\":[{\"@type\":\"ReadAction\",\"target\":[\"https:\/\/www.polidesign.net\/it\/news\/nominato-il-nuovo-consiglio-di-amministrazione-di-poli-design\/\"]}]}]}<\/script>\n<!-- \/ Yoast SEO plugin. -->","acf":{"relazioni":{"relazioni":{"corso":"","area_formazione":false,"tipologia_formazione":false,"settore":false,"tags_poli":false,"ways_of_innovation":false,"alumni":false,"people":""}},"cover_title":"Nominato il nuovo Consiglio di Amministrazione di POLI.design","cover_subTitle":"Matteo O. Ingaramo assume la carica di Presidente del CdA e Cabirio Cautela diventa il nuovo Amministratore Delegato","cover_abstract":"","cover_image":{"ID":44809,"id":44809,"title":"Cabirio Cautela e Matteo O. Ingaramo","filename":"Cabirio-Cautela-e-Matteo-O.-Ingaramo.jpg","filesize":92746,"url":"https:\/\/www.polidesign.net\/wp-content\/uploads\/2022\/05\/Cabirio-Cautela-e-Matteo-O.-Ingaramo.jpg","link":"https:\/\/www.polidesign.net\/it\/news\/nominato-il-nuovo-consiglio-di-amministrazione-di-poli-design\/attachment\/cabirio-cautela-e-matteo-o-ingaramo\/","alt":"","author":"956","description":"","caption":"","name":"cabirio-cautela-e-matteo-o-ingaramo","status":"inherit","uploaded_to":44679,"date":"2022-05-06 08:19:43","modified":"2022-05-06 08:19:43","menu_order":0,"mime_type":"image\/jpeg","type":"image","subtype":"jpeg","icon":"https:\/\/www.polidesign.net\/wp-includes\/images\/media\/default.png","width":1163,"height":1167,"sizes":{"thumbnail":"https:\/\/www.polidesign.net\/wp-content\/uploads\/2022\/05\/Cabirio-Cautela-e-Matteo-O.-Ingaramo-150x150.jpg","thumbnail-width":150,"thumbnail-height":150,"medium":"https:\/\/www.polidesign.net\/wp-content\/uploads\/2022\/05\/Cabirio-Cautela-e-Matteo-O.-Ingaramo-300x300.jpg","medium-width":300,"medium-height":300,"medium_large":"https:\/\/www.polidesign.net\/wp-content\/uploads\/2022\/05\/Cabirio-Cautela-e-Matteo-O.-Ingaramo-768x771.jpg","medium_large-width":768,"medium_large-height":771,"large":"https:\/\/www.polidesign.net\/wp-content\/uploads\/2022\/05\/Cabirio-Cautela-e-Matteo-O.-Ingaramo-1020x1024.jpg","large-width":1020,"large-height":1024,"1536x1536":"https:\/\/www.polidesign.net\/wp-content\/uploads\/2022\/05\/Cabirio-Cautela-e-Matteo-O.-Ingaramo.jpg","1536x1536-width":1163,"1536x1536-height":1167,"2048x2048":"https:\/\/www.polidesign.net\/wp-content\/uploads\/2022\/05\/Cabirio-Cautela-e-Matteo-O.-Ingaramo.jpg","2048x2048-width":1163,"2048x2048-height":1167}},"cover_imageThumbnail":{"ID":44809,"id":44809,"title":"Cabirio Cautela e Matteo O. Ingaramo","filename":"Cabirio-Cautela-e-Matteo-O.-Ingaramo.jpg","filesize":92746,"url":"https:\/\/www.polidesign.net\/wp-content\/uploads\/2022\/05\/Cabirio-Cautela-e-Matteo-O.-Ingaramo.jpg","link":"https:\/\/www.polidesign.net\/it\/news\/nominato-il-nuovo-consiglio-di-amministrazione-di-poli-design\/attachment\/cabirio-cautela-e-matteo-o-ingaramo\/","alt":"","author":"956","description":"","caption":"","name":"cabirio-cautela-e-matteo-o-ingaramo","status":"inherit","uploaded_to":44679,"date":"2022-05-06 08:19:43","modified":"2022-05-06 08:19:43","menu_order":0,"mime_type":"image\/jpeg","type":"image","subtype":"jpeg","icon":"https:\/\/www.polidesign.net\/wp-includes\/images\/media\/default.png","width":1163,"height":1167,"sizes":{"thumbnail":"https:\/\/www.polidesign.net\/wp-content\/uploads\/2022\/05\/Cabirio-Cautela-e-Matteo-O.-Ingaramo-150x150.jpg","thumbnail-width":150,"thumbnail-height":150,"medium":"https:\/\/www.polidesign.net\/wp-content\/uploads\/2022\/05\/Cabirio-Cautela-e-Matteo-O.-Ingaramo-300x300.jpg","medium-width":300,"medium-height":300,"medium_large":"https:\/\/www.polidesign.net\/wp-content\/uploads\/2022\/05\/Cabirio-Cautela-e-Matteo-O.-Ingaramo-768x771.jpg","medium_large-width":768,"medium_large-height":771,"large":"https:\/\/www.polidesign.net\/wp-content\/uploads\/2022\/05\/Cabirio-Cautela-e-Matteo-O.-Ingaramo-1020x1024.jpg","large-width":1020,"large-height":1024,"1536x1536":"https:\/\/www.polidesign.net\/wp-content\/uploads\/2022\/05\/Cabirio-Cautela-e-Matteo-O.-Ingaramo.jpg","1536x1536-width":1163,"1536x1536-height":1167,"2048x2048":"https:\/\/www.polidesign.net\/wp-content\/uploads\/2022\/05\/Cabirio-Cautela-e-Matteo-O.-Ingaramo.jpg","2048x2048-width":1163,"2048x2048-height":1167}},"flexible":[{"acf_fc_layout":"simpleTitleText","layout_settings":{"color":"default","component_title":{"isActive":false,"testo":""}},"acfe_flexible_toggle":"","acfe_flexible_layout_title":"Simple Title + Text","numero_di_colonne":"1","content":{"occhiello":"","title":"","title_style":"normal","text":"<p>Si \u00e8 tenuta gioved\u00ec 28 aprile 2022 l&#8217;<strong>Assemblea dei soci di POLI.design<\/strong>, che ha nominato i nuovi membri e il Presidente del Consiglio di Amministrazione che rimarr\u00e0 in carica fino all\u2019approvazione del bilancio al 31 dicembre 2022.<\/p>\n<p>A presiedere il CdA della Societ\u00e0 che annovera tra i suoi Soci oltre al Politecnico di Milano, ADI, AIPi, AIAP e FederlegnoArredo sar\u00e0 <strong>Matteo O. Ingaramo<\/strong>, Professore in Design al Politecnico di Milano e Coordinatore del Corso di Laurea Magistrale in Design and Engineering del Politecnico di Milano. Nel Consiglio di Amministrazione, oltre al Professor Ingaramo, siederanno anche Simona Belforti (FederlegnoArredo), Luciano Galimberti (Presidente ADI) e Marco Tortoioli Ricci (Presidente AIAP). A questi si aggiunge anche <strong>Cabirio Cautela<\/strong>, Professore al Politecnico di Milano, Dipartimento di Design, e Co-Direttore dell\u2019Osservatorio Design Thinking for Business del Politecnico di Milano, nominato nuovo Amministratore Delegato dal Consiglio di Amministrazione.<\/p>\n<p>POLI.design sar\u00e0 cos\u00ec guidata da professionalit\u00e0 che in questi anni, con il loro lavoro e la loro competenza, hanno contribuito alla crescita della Societ\u00e0. Il nuovo <strong>Presidente<\/strong> del CdA, <strong>Matteo O. Ingaramo<\/strong> ha infatti guidato la societ\u00e0, come <strong>Direttore Generale<\/strong> prima e <strong>Amministratore Delegato<\/strong> poi, dal 2009 al 2022, portando POLI.design a svolgere il ruolo di cerniera fra universit\u00e0, imprese, enti, istituzioni e mondi professionali. In particolare, ha conseguito obbiettivi rilevanti nella <strong>internazionalizzazione<\/strong>, con particolare focus in <strong>Cina<\/strong> e in <strong>Sud America<\/strong>, e nella <strong>gestione della societ\u00e0 in un momento di crisi<\/strong> come quello appena trascorso: due anni in cui la pandemia ha completamente stravolto il settore dell\u2019education e che hanno visto POLI.design chiudere il bilancio con <strong>ricavi in crescita del 32%<\/strong>.<\/p>\n<p>Il <strong>Prof. Cautela<\/strong> lascia invece il suo ruolo di Direttore Vicario del Dipartimento di Design del Politecnico di Milano e assumer\u00e0 il ruolo di <strong>Amministratore Delegato di POLI.design<\/strong> in un momento di grandi cambiamenti per un\u2019istituzione che si occupa di istruzione. Il suo operato si focalizzer\u00e0 da un lato nel <strong>consolidare il processo di formazione di figure pi\u00f9 tradizionali<\/strong>, legate al concetto di progetto originario, come i designer di prodotto, i designer degli spazi, i designer dei servizi. Dall\u2019altro, il suo lavoro sar\u00e0 rivolto anche ad <strong>implementare l\u2019evoluzione stessa del dominio del progetto<\/strong>, accelerata dalla <strong>transizione digitale<\/strong> e dalla <strong>sostenibilit\u00e0<\/strong> e a<strong> rafforzare<\/strong> ancora di pi\u00f9 la <strong>Corporate Education<\/strong>. Oggi, infatti, i designer ricoprono un ruolo strategico in pi\u00f9 ambiti dalla gestione di una azienda: dalle risorse umane alla riconfigurazione dei processi creativi, passando per i modelli di business.<\/p>\n<p>&nbsp;<\/p>\n","":null,"azione_cta":"legacyLink","cta_style":"button","cta_align":"left","cta":{"title":"SCARICA IL COMUNICATO STAMPA!","url":"https:\/\/www.polidesign.net\/wp-content\/uploads\/2022\/05\/CS-CdA-POLI.design.pdf","target":""},"titolo_cta":"","modali_disponibil":false,"hubspot_id":"","prefill_campo_richiesta":""},"content_right":{"occhiello":"","title":"","title_style":"normal","text":"","":null,"azione_cta":"","cta_style":"normal","cta_align":"left","cta":null,"titolo_cta":"","modali_disponibil":false,"hubspot_id":"","prefill_campo_richiesta":""}}]},"_links":{"self":[{"href":"https:\/\/www.polidesign.net\/it\/wp-json\/wp\/v2\/news\/44679"}],"collection":[{"href":"https:\/\/www.polidesign.net\/it\/wp-json\/wp\/v2\/news"}],"about":[{"href":"https:\/\/www.polidesign.net\/it\/wp-json\/wp\/v2\/types\/news"}],"version-history":[{"count":10,"href":"https:\/\/www.polidesign.net\/it\/wp-json\/wp\/v2\/news\/44679\/revisions"}],"predecessor-version":[{"id":44811,"href":"https:\/\/www.polidesign.net\/it\/wp-json\/wp\/v2\/news\/44679\/revisions\/44811"}],"wp:featuredmedia":[{"embeddable":true,"href":"https:\/\/www.polidesign.net\/it\/wp-json\/wp\/v2\/media\/44809"}],"wp:attachment":[{"href":"https:\/\/www.polidesign.net\/it\/wp-json\/wp\/v2\/media?parent=44679"}],"curies":[{"name":"wp","href":"https:\/\/api.w.org\/{rel}","templated":true}]}}