{"id":4654,"date":"2020-12-21T10:10:42","date_gmt":"2020-12-21T10:10:42","guid":{"rendered":"https:\/\/staging.polidesign.net\/?post_type=news&#038;p=4654"},"modified":"2020-12-21T10:12:13","modified_gmt":"2020-12-21T10:12:13","slug":"mind-and-places-a-multidisciplinary-approach-to-the-design-of-contemporary-il-libro","status":"publish","type":"news","link":"https:\/\/www.polidesign.net\/it\/news\/mind-and-places-a-multidisciplinary-approach-to-the-design-of-contemporary-il-libro\/","title":{"rendered":"Mind and Places. A Multidisciplinary Approach to the Design of Contemporary  &#8211; il libro"},"content":{"rendered":"<p>Siamo lieti di comunicarvi che il libro Mind and Places. A Multidisciplinary Approach to the Design of Contemporary City \u00e8 tra le pubblicazioni pi\u00f9 utilizzate di SpringerLink riguardanti uno degli Obiettivi di Sviluppo Sostenibile delle Nazioni Unite (SDGs).<br \/>\nSiamo convinti che un approccio transdisciplinare possa dare un importante contributo nel perseguire il Goal 11: Sustainable cities and communities e ci interessa continuare la nostra attivit\u00e0 nella ricerca di strumenti sempre pi\u00f9 adatti a interpretare la complessit\u00e0 del mondo contemporaneo.<br \/>\nIl libro \u00e8 uscito in primavera con Springer a cura della Prof.ssa Anna Anzani e raccoglie contributi di Giuseppe Amoruso, Anna Anzani, Fabio Bailo, Valentina Battista, Luca Bonardi, Paola Briata, Nicola Bruno, Claudia Caramel, Alfonso Chielli, Luciano Crespi, Davide Crippa, Barbara Di Prete, Elena Elgani, Massimo Giuliani, Eugenio Guglielmi, Fiamma Colette Invernizzi, Federico Leoni, Emilio Lonardo, Andrea Marini, Ada Piselli, Massimo Schinco, Francesco Scullica, Michele Sinico.<br \/>\nIl volume si pone nei confronti del design della citt\u00e0 contemporanea in modo innovativo, ripensando alla dimensione complessa dell&#8217;abitare e dell&#8217;interiorit\u00e0 urbana attraverso un approccio che fa dialogare psicologia, design, filosofia, musica, storia.<\/p>\n<p>Per disseminare questi contenuti verr\u00e0 organizzato un corso di alta formazione a partire da settembre 2021.<\/p>\n","protected":false},"featured_media":4655,"template":"","meta":[],"yoast_head":"<!-- This site is optimized with the Yoast SEO plugin v15.7 - https:\/\/yoast.com\/wordpress\/plugins\/seo\/ -->\n<title>Mind and Places. A Multidisciplinary Approach to the Design of Contemporary - il libro &bull; POLI.design<\/title>\n<meta name=\"robots\" content=\"index, follow, max-snippet:-1, max-image-preview:large, max-video-preview:-1\" \/>\n<link rel=\"canonical\" href=\"https:\/\/www.polidesign.net\/it\/news\/mind-and-places-a-multidisciplinary-approach-to-the-design-of-contemporary-il-libro\/\" \/>\n<meta property=\"og:locale\" content=\"it_IT\" \/>\n<meta property=\"og:type\" content=\"article\" \/>\n<meta property=\"og:title\" content=\"Mind and Places. A Multidisciplinary Approach to the Design of Contemporary - il libro &bull; POLI.design\" \/>\n<meta property=\"og:description\" content=\"Siamo lieti di comunicarvi che il libro Mind and Places. A Multidisciplinary Approach to the Design of Contemporary City \u00e8 tra le pubblicazioni pi\u00f9 utilizzate di SpringerLink riguardanti uno degli Obiettivi di Sviluppo Sostenibile delle Nazioni Unite (SDGs). Siamo convinti che un approccio transdisciplinare possa dare un importante contributo nel perseguire il Goal 11: Sustainable [&hellip;]\" \/>\n<meta property=\"og:url\" content=\"https:\/\/www.polidesign.net\/it\/news\/mind-and-places-a-multidisciplinary-approach-to-the-design-of-contemporary-il-libro\/\" \/>\n<meta property=\"og:site_name\" content=\"POLI.design\" \/>\n<meta property=\"article:publisher\" content=\"https:\/\/www.facebook.com\/polidesignmilano\" \/>\n<meta property=\"article:modified_time\" content=\"2020-12-21T10:12:13+00:00\" \/>\n<meta property=\"og:image\" content=\"https:\/\/www.polidesign.net\/wp-content\/uploads\/2020\/12\/16noni-100.jpg\" \/>\n\t<meta property=\"og:image:width\" content=\"1829\" \/>\n\t<meta property=\"og:image:height\" content=\"1029\" \/>\n<meta name=\"twitter:card\" content=\"summary_large_image\" \/>\n<meta name=\"twitter:site\" content=\"@POLI_design\" \/>\n<script type=\"application\/ld+json\" class=\"yoast-schema-graph\">{\"@context\":\"https:\/\/schema.org\",\"@graph\":[{\"@type\":\"Organization\",\"@id\":\"https:\/\/www.polidesign.net\/it\/#organization\",\"name\":\"POLI.design\",\"url\":\"https:\/\/www.polidesign.net\/it\/\",\"sameAs\":[\"https:\/\/www.facebook.com\/polidesignmilano\",\"https:\/\/www.instagram.com\/polidesign\/\",\"https:\/\/www.linkedin.com\/company\/polidesign-milano\",\"https:\/\/www.youtube.com\/user\/POLIdesign\",\"https:\/\/twitter.com\/POLI_design\"],\"logo\":{\"@type\":\"ImageObject\",\"@id\":\"https:\/\/www.polidesign.net\/it\/#logo\",\"inLanguage\":\"it-IT\",\"url\":\"https:\/\/www.polidesign.net\/wp-content\/uploads\/2020\/10\/Logo-Polidesign-14.svg\",\"width\":182,\"height\":36,\"caption\":\"POLI.design\"},\"image\":{\"@id\":\"https:\/\/www.polidesign.net\/it\/#logo\"}},{\"@type\":\"WebSite\",\"@id\":\"https:\/\/www.polidesign.net\/it\/#website\",\"url\":\"https:\/\/www.polidesign.net\/it\/\",\"name\":\"POLI.design\",\"description\":\"\",\"publisher\":{\"@id\":\"https:\/\/www.polidesign.net\/it\/#organization\"},\"potentialAction\":[{\"@type\":\"SearchAction\",\"target\":\"https:\/\/www.polidesign.net\/it\/?s={search_term_string}\",\"query-input\":\"required name=search_term_string\"}],\"inLanguage\":\"it-IT\"},{\"@type\":\"ImageObject\",\"@id\":\"https:\/\/www.polidesign.net\/it\/news\/mind-and-places-a-multidisciplinary-approach-to-the-design-of-contemporary-il-libro\/#primaryimage\",\"inLanguage\":\"it-IT\",\"url\":\"https:\/\/www.polidesign.net\/wp-content\/uploads\/2020\/12\/16noni-100.jpg\",\"width\":1829,\"height\":1029},{\"@type\":\"WebPage\",\"@id\":\"https:\/\/www.polidesign.net\/it\/news\/mind-and-places-a-multidisciplinary-approach-to-the-design-of-contemporary-il-libro\/#webpage\",\"url\":\"https:\/\/www.polidesign.net\/it\/news\/mind-and-places-a-multidisciplinary-approach-to-the-design-of-contemporary-il-libro\/\",\"name\":\"Mind and Places. A Multidisciplinary Approach to the Design of Contemporary - il libro &bull; POLI.design\",\"isPartOf\":{\"@id\":\"https:\/\/www.polidesign.net\/it\/#website\"},\"primaryImageOfPage\":{\"@id\":\"https:\/\/www.polidesign.net\/it\/news\/mind-and-places-a-multidisciplinary-approach-to-the-design-of-contemporary-il-libro\/#primaryimage\"},\"datePublished\":\"2020-12-21T10:10:42+00:00\",\"dateModified\":\"2020-12-21T10:12:13+00:00\",\"inLanguage\":\"it-IT\",\"potentialAction\":[{\"@type\":\"ReadAction\",\"target\":[\"https:\/\/www.polidesign.net\/it\/news\/mind-and-places-a-multidisciplinary-approach-to-the-design-of-contemporary-il-libro\/\"]}]}]}<\/script>\n<!-- \/ Yoast SEO plugin. -->","acf":{"relazioni":{"corso":"","area_formazione":false,"tipologia_formazione":false,"settore":false,"tags_poli":false,"ways_of_innovation":false,"alumni":false,"people":[{"ID":3316,"post_author":"1","post_date":"2020-11-27 17:26:34","post_date_gmt":"2020-11-27 17:26:34","post_content":"","post_title":"Anna Anzani","post_excerpt":"","post_status":"publish","comment_status":"closed","ping_status":"closed","post_password":"","post_name":"anna-anzani","to_ping":"","pinged":"","post_modified":"2020-12-17 18:13:04","post_modified_gmt":"2020-12-17 18:13:04","post_content_filtered":"","post_parent":0,"guid":"https:\/\/wordpress-217325-1566182.cloudwaysapps.com\/?post_type=people&#038;p=3316","menu_order":0,"post_type":"people","post_mime_type":"","comment_count":"0","filter":"raw"}]},"cover_title":"Mind and Places. A Multidisciplinary Approach to the Design of Contemporary  - il libro","cover_subTitle":"","cover_abstract":"<p>Mind and Places. A Multidisciplinary Approach to the Design of Contemporary City tra le pubblicazioni pi\u00f9 utilizzate di SpringerLink riguardanti uno degli Obiettivi di Sviluppo Sostenibile delle Nazioni Unite (SDGs)<\/p>\n","cover_image":{"ID":4655,"id":4655,"title":"16noni-100","filename":"16noni-100.jpg","filesize":376519,"url":"https:\/\/www.polidesign.net\/wp-content\/uploads\/2020\/12\/16noni-100.jpg","link":"https:\/\/www.polidesign.net\/it\/news\/mind-and-places-a-multidisciplinary-approach-to-the-design-of-contemporary-il-libro\/attachment\/16noni-100\/","alt":"","author":"37","description":"","caption":"","name":"16noni-100","status":"inherit","uploaded_to":4654,"date":"2020-12-21 10:11:53","modified":"2020-12-21 10:11:53","menu_order":0,"mime_type":"image\/jpeg","type":"image","subtype":"jpeg","icon":"https:\/\/www.polidesign.net\/wp-includes\/images\/media\/default.png","width":1829,"height":1029,"sizes":{"thumbnail":"https:\/\/www.polidesign.net\/wp-content\/uploads\/2020\/12\/16noni-100-150x150.jpg","thumbnail-width":150,"thumbnail-height":150,"medium":"https:\/\/www.polidesign.net\/wp-content\/uploads\/2020\/12\/16noni-100-300x169.jpg","medium-width":300,"medium-height":169,"medium_large":"https:\/\/www.polidesign.net\/wp-content\/uploads\/2020\/12\/16noni-100-768x432.jpg","medium_large-width":768,"medium_large-height":432,"large":"https:\/\/www.polidesign.net\/wp-content\/uploads\/2020\/12\/16noni-100-1024x576.jpg","large-width":1024,"large-height":576,"1536x1536":"https:\/\/www.polidesign.net\/wp-content\/uploads\/2020\/12\/16noni-100-1536x864.jpg","1536x1536-width":1536,"1536x1536-height":864,"2048x2048":"https:\/\/www.polidesign.net\/wp-content\/uploads\/2020\/12\/16noni-100.jpg","2048x2048-width":1829,"2048x2048-height":1029}},"cover_imageThumbnail":{"ID":4655,"id":4655,"title":"16noni-100","filename":"16noni-100.jpg","filesize":376519,"url":"https:\/\/www.polidesign.net\/wp-content\/uploads\/2020\/12\/16noni-100.jpg","link":"https:\/\/www.polidesign.net\/it\/news\/mind-and-places-a-multidisciplinary-approach-to-the-design-of-contemporary-il-libro\/attachment\/16noni-100\/","alt":"","author":"37","description":"","caption":"","name":"16noni-100","status":"inherit","uploaded_to":4654,"date":"2020-12-21 10:11:53","modified":"2020-12-21 10:11:53","menu_order":0,"mime_type":"image\/jpeg","type":"image","subtype":"jpeg","icon":"https:\/\/www.polidesign.net\/wp-includes\/images\/media\/default.png","width":1829,"height":1029,"sizes":{"thumbnail":"https:\/\/www.polidesign.net\/wp-content\/uploads\/2020\/12\/16noni-100-150x150.jpg","thumbnail-width":150,"thumbnail-height":150,"medium":"https:\/\/www.polidesign.net\/wp-content\/uploads\/2020\/12\/16noni-100-300x169.jpg","medium-width":300,"medium-height":169,"medium_large":"https:\/\/www.polidesign.net\/wp-content\/uploads\/2020\/12\/16noni-100-768x432.jpg","medium_large-width":768,"medium_large-height":432,"large":"https:\/\/www.polidesign.net\/wp-content\/uploads\/2020\/12\/16noni-100-1024x576.jpg","large-width":1024,"large-height":576,"1536x1536":"https:\/\/www.polidesign.net\/wp-content\/uploads\/2020\/12\/16noni-100-1536x864.jpg","1536x1536-width":1536,"1536x1536-height":864,"2048x2048":"https:\/\/www.polidesign.net\/wp-content\/uploads\/2020\/12\/16noni-100.jpg","2048x2048-width":1829,"2048x2048-height":1029}},"people_formazione":""},"_links":{"self":[{"href":"https:\/\/www.polidesign.net\/it\/wp-json\/wp\/v2\/news\/4654"}],"collection":[{"href":"https:\/\/www.polidesign.net\/it\/wp-json\/wp\/v2\/news"}],"about":[{"href":"https:\/\/www.polidesign.net\/it\/wp-json\/wp\/v2\/types\/news"}],"version-history":[{"count":0,"href":"https:\/\/www.polidesign.net\/it\/wp-json\/wp\/v2\/news\/4654\/revisions"}],"wp:featuredmedia":[{"embeddable":true,"href":"https:\/\/www.polidesign.net\/it\/wp-json\/wp\/v2\/media\/4655"}],"wp:attachment":[{"href":"https:\/\/www.polidesign.net\/it\/wp-json\/wp\/v2\/media?parent=4654"}],"curies":[{"name":"wp","href":"https:\/\/api.w.org\/{rel}","templated":true}]}}