{"id":7831,"date":"2021-01-20T10:21:43","date_gmt":"2021-01-20T10:21:43","guid":{"rendered":"https:\/\/staging.polidesign.net\/?post_type=news&#038;p=7831"},"modified":"2021-04-28T08:57:24","modified_gmt":"2021-04-28T08:57:24","slug":"il-master-in-yacht-design-si-racconta","status":"publish","type":"news","link":"https:\/\/www.polidesign.net\/it\/news\/il-master-in-yacht-design-si-racconta\/","title":{"rendered":"Il Master in Yacht Design si racconta"},"content":{"rendered":"<p>In occasione del <strong>XX compleanno del Master in Yacht Design<\/strong>, abbiamo intervistato gli Alumni delle prime edizioni MYD che si sono distinti nel panorama mondiale dello yachting.<\/p>\n<p>A voi la nostra intervista a <strong>Alan De Candiziis<\/strong>, studente della V edizione del Master e <strong>oggi Production Manager presso The italian Sea Group<\/strong>.<br \/>\nScopri la sua esperienza!<\/p>\n<p><strong>1. Puoi dirci &#8220;chi sei&#8221;, di cosa ti occupi oggi e con quale ruolo all&#8217;interno della realt\u00e0 dove lavori?<\/strong><\/p>\n<p>Dopo una laurea in architettura al Politecnico di Milano e il conseguimento dell&#8217;abilitazione, ho maturato la necessit\u00e0 di fare un Master in Yacht Design per inseguire il sogno, che gi\u00e0 da bambino, mi inseguiva; costruire le barche.<br \/>\nIl corso post laurea mi ha aperto le porte del lavoro proiettandomi nel prestigioso Gruppo Ferretti, dove ho lavorato per 12 anni, in diversi stabilimenti e con diversi ruoli, fino all&#8217;ultimo ricoperto come Industrial Engineering Supervisor.<br \/>\nFinita la bellissima avventura in Pershing, ho deciso di accogliere la sfida di Maori Yacht, ricoprendo il ruolo di Production Manager.<br \/>\nDa Gennaio 2018 lavoro presso The Italian Sea Group, cantiere diventato una certezza per il panorama dei mega yacht capace di confrontarsi con il Nord Europa senza nessun timore.<\/p>\n<p><strong>2. Qual \u00e8 stato il ruolo della formazione, e in particolare del Master in Yacht Design del Politecnico di Milano, per arrivare dove sei oggi?<\/strong><\/p>\n<p>Tutti i miei passaggi formativi sono parte integrante del mio percorso lavorativo, in particolare il Master \u00e8 riuscito a colmare le prime lacune prima di entrare nel mondo della nautica, ha gettato le basi del disegno architettonico navale e in maniera semplice ma completa, ha saputo trasmettermi le fondamenta della fluidodinamica.<\/p>\n<p><strong>3. Un momento importante o un aneddoto della tua esperienza al Master?<\/strong><\/p>\n<p>Il ricordo tecnico che non dimenticher\u00f2 mai \u00e8 stata la possibilit\u00e0 di visitare un wally a vela di 24mt appena varato, sono rimasto assolutamente sbalordito dalla bellezza e dall&#8217;eleganza di quella nave ed oggi, con l&#8217;esperienza vissuta, ripenso a quanti sforzi possa aver sviluppato quella produzione per produrre tanta maestosit\u00e0.<\/p>\n<p>Altro aneddoto, meno navale, ma indelebile \u00e8 di aver conosciuto mia moglie durante la discussione della mia tesi, lei era iscritta all&#8217;anno successivo, sempre del Master, e qualche parola su interessi comuni ci ha uniti, praticamente una famiglia nautica.<\/p>\n<p><strong>4. La prima parola che ti viene in mente pensando al Master.<\/strong><\/p>\n<p>Quando penso al Master la prima parola che mi viene in mente \u00e8 LAVORO, mi ha fatto capire la cantieristica, i vari ruoli al suo interno, i diversi sbocchi professionali e come poter sviluppare il mio percorso di crescita in base alle attitudini.<\/p>\n<p><strong>5. Quale consiglio daresti a un giovane che sogna di diventare yacht designer \/ di intraprendere questo percorso formativo?<\/strong><\/p>\n<p>In pi\u00f9 occasioni ho avuto modo di incontrare giovani progettisti, quasi sempre tutti preparati, ma da subito riesco a riconoscere chi proviene da mio stesso percorso e ha frequentato il Master in Yacht Design del Politecnico. Forse li riconosco facilmente perch\u00e9 ho vissuto in prima persona quell&#8217;esperienza, ma \u00e8 sicuramente una garanzia appena si entra nel mondo del lavoro.<br \/>\nPotessi consigliare ai giovani che ci leggono, approfittate di questa possibilit\u00e0 perch\u00e9 vi indicher\u00e0 la giusta strada, ma soprattutto vi dar\u00e0 gli strumenti per poterla percorrere adeguatamente.<\/p>\n","protected":false},"featured_media":9200,"template":"","meta":[],"yoast_head":"<!-- This site is optimized with the Yoast SEO plugin v15.7 - https:\/\/yoast.com\/wordpress\/plugins\/seo\/ -->\n<title>Il Master in Yacht Design si racconta &bull; POLI.design<\/title>\n<meta name=\"robots\" content=\"index, follow, max-snippet:-1, max-image-preview:large, max-video-preview:-1\" \/>\n<link rel=\"canonical\" href=\"https:\/\/www.polidesign.net\/it\/news\/il-master-in-yacht-design-si-racconta\/\" \/>\n<meta property=\"og:locale\" content=\"it_IT\" \/>\n<meta property=\"og:type\" content=\"article\" \/>\n<meta property=\"og:title\" content=\"Il Master in Yacht Design si racconta &bull; POLI.design\" \/>\n<meta property=\"og:description\" content=\"In occasione del XX compleanno del Master in Yacht Design, abbiamo intervistato gli Alumni delle prime edizioni MYD che si sono distinti nel panorama mondiale dello yachting. A voi la nostra intervista a Alan De Candiziis, studente della V edizione del Master e oggi Production Manager presso The italian Sea Group. Scopri la sua esperienza! [&hellip;]\" \/>\n<meta property=\"og:url\" content=\"https:\/\/www.polidesign.net\/it\/news\/il-master-in-yacht-design-si-racconta\/\" \/>\n<meta property=\"og:site_name\" content=\"POLI.design\" \/>\n<meta property=\"article:publisher\" content=\"https:\/\/www.facebook.com\/polidesignmilano\" \/>\n<meta property=\"article:modified_time\" content=\"2021-04-28T08:57:24+00:00\" \/>\n<meta property=\"og:image\" content=\"https:\/\/www.polidesign.net\/wp-content\/uploads\/2021\/01\/grafiche_Alan-banner-sito.jpg\" \/>\n\t<meta property=\"og:image:width\" content=\"1921\" \/>\n\t<meta property=\"og:image:height\" content=\"1015\" \/>\n<meta name=\"twitter:card\" content=\"summary_large_image\" \/>\n<meta name=\"twitter:site\" content=\"@POLI_design\" \/>\n<script type=\"application\/ld+json\" class=\"yoast-schema-graph\">{\"@context\":\"https:\/\/schema.org\",\"@graph\":[{\"@type\":\"Organization\",\"@id\":\"https:\/\/www.polidesign.net\/it\/#organization\",\"name\":\"POLI.design\",\"url\":\"https:\/\/www.polidesign.net\/it\/\",\"sameAs\":[\"https:\/\/www.facebook.com\/polidesignmilano\",\"https:\/\/www.instagram.com\/polidesign\/\",\"https:\/\/www.linkedin.com\/company\/polidesign-milano\",\"https:\/\/www.youtube.com\/user\/POLIdesign\",\"https:\/\/twitter.com\/POLI_design\"],\"logo\":{\"@type\":\"ImageObject\",\"@id\":\"https:\/\/www.polidesign.net\/it\/#logo\",\"inLanguage\":\"it-IT\",\"url\":\"https:\/\/www.polidesign.net\/wp-content\/uploads\/2020\/10\/Logo-Polidesign-14.svg\",\"width\":182,\"height\":36,\"caption\":\"POLI.design\"},\"image\":{\"@id\":\"https:\/\/www.polidesign.net\/it\/#logo\"}},{\"@type\":\"WebSite\",\"@id\":\"https:\/\/www.polidesign.net\/it\/#website\",\"url\":\"https:\/\/www.polidesign.net\/it\/\",\"name\":\"POLI.design\",\"description\":\"\",\"publisher\":{\"@id\":\"https:\/\/www.polidesign.net\/it\/#organization\"},\"potentialAction\":[{\"@type\":\"SearchAction\",\"target\":\"https:\/\/www.polidesign.net\/it\/?s={search_term_string}\",\"query-input\":\"required name=search_term_string\"}],\"inLanguage\":\"it-IT\"},{\"@type\":\"ImageObject\",\"@id\":\"https:\/\/www.polidesign.net\/it\/news\/il-master-in-yacht-design-si-racconta\/#primaryimage\",\"inLanguage\":\"it-IT\",\"url\":\"https:\/\/www.polidesign.net\/wp-content\/uploads\/2021\/01\/grafiche_Alan-banner-sito.jpg\",\"width\":1921,\"height\":1015},{\"@type\":\"WebPage\",\"@id\":\"https:\/\/www.polidesign.net\/it\/news\/il-master-in-yacht-design-si-racconta\/#webpage\",\"url\":\"https:\/\/www.polidesign.net\/it\/news\/il-master-in-yacht-design-si-racconta\/\",\"name\":\"Il Master in Yacht Design si racconta &bull; POLI.design\",\"isPartOf\":{\"@id\":\"https:\/\/www.polidesign.net\/it\/#website\"},\"primaryImageOfPage\":{\"@id\":\"https:\/\/www.polidesign.net\/it\/news\/il-master-in-yacht-design-si-racconta\/#primaryimage\"},\"datePublished\":\"2021-01-20T10:21:43+00:00\",\"dateModified\":\"2021-04-28T08:57:24+00:00\",\"inLanguage\":\"it-IT\",\"potentialAction\":[{\"@type\":\"ReadAction\",\"target\":[\"https:\/\/www.polidesign.net\/it\/news\/il-master-in-yacht-design-si-racconta\/\"]}]}]}<\/script>\n<!-- \/ Yoast SEO plugin. -->","acf":{"relazioni":{"corso":"","area_formazione":[{"term_id":282,"name":"Product Design","slug":"product-design","term_group":0,"term_taxonomy_id":282,"taxonomy":"formazione_area","description":"Product Design","parent":0,"count":89,"filter":"raw","term_order":"4"}],"tipologia_formazione":[{"term_id":55,"name":"Master","slug":"master","term_group":0,"term_taxonomy_id":55,"taxonomy":"formazione_type","description":"Master Universitari","parent":0,"count":76,"filter":"raw","term_order":"2"}],"settore":false,"tags_poli":false,"ways_of_innovation":false,"alumni":true,"people":""},"cover_title":"Il Master in Yacht Design si racconta","cover_subTitle":"","cover_abstract":"<p>Alan De Candiziis, studente della V edizione del Master e oggi Production Manager presso The italian Sea Group ci racconta la sua esperienza.<\/p>\n","cover_image":{"ID":7832,"id":7832,"title":"grafiche_Alan deCandiziis","filename":"grafiche_Alan-deCandiziis.jpg","filesize":285038,"url":"https:\/\/www.polidesign.net\/wp-content\/uploads\/2021\/01\/grafiche_Alan-deCandiziis.jpg","link":"https:\/\/www.polidesign.net\/it\/news\/il-master-in-yacht-design-si-racconta\/attachment\/grafiche_alan-decandiziis\/","alt":"","author":"37","description":"","caption":"","name":"grafiche_alan-decandiziis","status":"inherit","uploaded_to":7831,"date":"2021-01-20 10:24:23","modified":"2021-01-20 10:24:23","menu_order":0,"mime_type":"image\/jpeg","type":"image","subtype":"jpeg","icon":"https:\/\/www.polidesign.net\/wp-includes\/images\/media\/default.png","width":1667,"height":1668,"sizes":{"thumbnail":"https:\/\/www.polidesign.net\/wp-content\/uploads\/2021\/01\/grafiche_Alan-deCandiziis-150x150.jpg","thumbnail-width":150,"thumbnail-height":150,"medium":"https:\/\/www.polidesign.net\/wp-content\/uploads\/2021\/01\/grafiche_Alan-deCandiziis-300x300.jpg","medium-width":300,"medium-height":300,"medium_large":"https:\/\/www.polidesign.net\/wp-content\/uploads\/2021\/01\/grafiche_Alan-deCandiziis-768x768.jpg","medium_large-width":768,"medium_large-height":768,"large":"https:\/\/www.polidesign.net\/wp-content\/uploads\/2021\/01\/grafiche_Alan-deCandiziis-1024x1024.jpg","large-width":1024,"large-height":1024,"1536x1536":"https:\/\/www.polidesign.net\/wp-content\/uploads\/2021\/01\/grafiche_Alan-deCandiziis-1536x1536.jpg","1536x1536-width":1536,"1536x1536-height":1536,"2048x2048":"https:\/\/www.polidesign.net\/wp-content\/uploads\/2021\/01\/grafiche_Alan-deCandiziis.jpg","2048x2048-width":1667,"2048x2048-height":1668}},"cover_imageThumbnail":{"ID":9200,"id":9200,"title":"grafiche_Alan banner sito","filename":"grafiche_Alan-banner-sito.jpg","filesize":191803,"url":"https:\/\/www.polidesign.net\/wp-content\/uploads\/2021\/01\/grafiche_Alan-banner-sito.jpg","link":"https:\/\/www.polidesign.net\/it\/news\/il-master-in-yacht-design-si-racconta\/attachment\/grafiche_alan-banner-sito\/","alt":"","author":"37","description":"","caption":"","name":"grafiche_alan-banner-sito","status":"inherit","uploaded_to":7831,"date":"2021-02-04 17:17:11","modified":"2021-02-04 17:17:11","menu_order":0,"mime_type":"image\/jpeg","type":"image","subtype":"jpeg","icon":"https:\/\/www.polidesign.net\/wp-includes\/images\/media\/default.png","width":1921,"height":1015,"sizes":{"thumbnail":"https:\/\/www.polidesign.net\/wp-content\/uploads\/2021\/01\/grafiche_Alan-banner-sito-150x150.jpg","thumbnail-width":150,"thumbnail-height":150,"medium":"https:\/\/www.polidesign.net\/wp-content\/uploads\/2021\/01\/grafiche_Alan-banner-sito-300x159.jpg","medium-width":300,"medium-height":159,"medium_large":"https:\/\/www.polidesign.net\/wp-content\/uploads\/2021\/01\/grafiche_Alan-banner-sito-768x406.jpg","medium_large-width":768,"medium_large-height":406,"large":"https:\/\/www.polidesign.net\/wp-content\/uploads\/2021\/01\/grafiche_Alan-banner-sito-1024x541.jpg","large-width":1024,"large-height":541,"1536x1536":"https:\/\/www.polidesign.net\/wp-content\/uploads\/2021\/01\/grafiche_Alan-banner-sito-1536x812.jpg","1536x1536-width":1536,"1536x1536-height":812,"2048x2048":"https:\/\/www.polidesign.net\/wp-content\/uploads\/2021\/01\/grafiche_Alan-banner-sito.jpg","2048x2048-width":1921,"2048x2048-height":1015}},"flexible":false},"_links":{"self":[{"href":"https:\/\/www.polidesign.net\/it\/wp-json\/wp\/v2\/news\/7831"}],"collection":[{"href":"https:\/\/www.polidesign.net\/it\/wp-json\/wp\/v2\/news"}],"about":[{"href":"https:\/\/www.polidesign.net\/it\/wp-json\/wp\/v2\/types\/news"}],"version-history":[{"count":2,"href":"https:\/\/www.polidesign.net\/it\/wp-json\/wp\/v2\/news\/7831\/revisions"}],"predecessor-version":[{"id":16116,"href":"https:\/\/www.polidesign.net\/it\/wp-json\/wp\/v2\/news\/7831\/revisions\/16116"}],"wp:featuredmedia":[{"embeddable":true,"href":"https:\/\/www.polidesign.net\/it\/wp-json\/wp\/v2\/media\/9200"}],"wp:attachment":[{"href":"https:\/\/www.polidesign.net\/it\/wp-json\/wp\/v2\/media?parent=7831"}],"curies":[{"name":"wp","href":"https:\/\/api.w.org\/{rel}","templated":true}]}}