{"id":95274,"date":"2024-02-06T17:13:02","date_gmt":"2024-02-06T17:13:02","guid":{"rendered":"https:\/\/www.polidesign.net\/?post_type=news&#038;p=95274"},"modified":"2024-02-16T14:31:14","modified_gmt":"2024-02-16T14:31:14","slug":"la-nuova-edizione-del-rapporto-design-economy","status":"publish","type":"news","link":"https:\/\/www.polidesign.net\/it\/news\/la-nuova-edizione-del-rapporto-design-economy\/","title":{"rendered":"La nuova edizione del Rapporto Design Economy"},"content":{"rendered":"","protected":false},"featured_media":95401,"template":"","meta":[],"yoast_head":"<!-- This site is optimized with the Yoast SEO plugin v15.7 - https:\/\/yoast.com\/wordpress\/plugins\/seo\/ -->\n<title>Rapporto Design Economy: questionario per imprese e progettisti<\/title>\n<meta name=\"description\" content=\"Informati sulla nuova edizione del report dedicato al sistema design in Italia. Rispondi al questionario e contribuisci all\u2019analisi\" \/>\n<meta name=\"robots\" content=\"index, follow, max-snippet:-1, max-image-preview:large, max-video-preview:-1\" \/>\n<link rel=\"canonical\" href=\"https:\/\/www.polidesign.net\/it\/news\/la-nuova-edizione-del-rapporto-design-economy\/\" \/>\n<meta property=\"og:locale\" content=\"it_IT\" \/>\n<meta property=\"og:type\" content=\"article\" \/>\n<meta property=\"og:title\" content=\"Rapporto Design Economy: questionario per imprese e progettisti\" \/>\n<meta property=\"og:description\" content=\"Informati sulla nuova edizione del report dedicato al sistema design in Italia. Rispondi al questionario e contribuisci all\u2019analisi\" \/>\n<meta property=\"og:url\" content=\"https:\/\/www.polidesign.net\/it\/news\/la-nuova-edizione-del-rapporto-design-economy\/\" \/>\n<meta property=\"og:site_name\" content=\"POLI.design\" \/>\n<meta property=\"article:publisher\" content=\"https:\/\/www.facebook.com\/polidesignmilano\" \/>\n<meta property=\"article:modified_time\" content=\"2024-02-16T14:31:14+00:00\" \/>\n<meta property=\"og:image\" content=\"https:\/\/www.polidesign.net\/wp-content\/uploads\/2024\/02\/Immagine-2024-02-07-155536.png\" \/>\n\t<meta property=\"og:image:width\" content=\"568\" \/>\n\t<meta property=\"og:image:height\" content=\"223\" \/>\n<meta name=\"twitter:card\" content=\"summary_large_image\" \/>\n<meta name=\"twitter:site\" content=\"@POLI_design\" \/>\n<script type=\"application\/ld+json\" class=\"yoast-schema-graph\">{\"@context\":\"https:\/\/schema.org\",\"@graph\":[{\"@type\":\"Organization\",\"@id\":\"https:\/\/www.polidesign.net\/it\/#organization\",\"name\":\"POLI.design\",\"url\":\"https:\/\/www.polidesign.net\/it\/\",\"sameAs\":[\"https:\/\/www.facebook.com\/polidesignmilano\",\"https:\/\/www.instagram.com\/polidesign\/\",\"https:\/\/www.linkedin.com\/company\/polidesign-milano\",\"https:\/\/www.youtube.com\/user\/POLIdesign\",\"https:\/\/twitter.com\/POLI_design\"],\"logo\":{\"@type\":\"ImageObject\",\"@id\":\"https:\/\/www.polidesign.net\/it\/#logo\",\"inLanguage\":\"it-IT\",\"url\":\"https:\/\/www.polidesign.net\/wp-content\/uploads\/2020\/10\/Logo-Polidesign-14.svg\",\"width\":182,\"height\":36,\"caption\":\"POLI.design\"},\"image\":{\"@id\":\"https:\/\/www.polidesign.net\/it\/#logo\"}},{\"@type\":\"WebSite\",\"@id\":\"https:\/\/www.polidesign.net\/it\/#website\",\"url\":\"https:\/\/www.polidesign.net\/it\/\",\"name\":\"POLI.design\",\"description\":\"\",\"publisher\":{\"@id\":\"https:\/\/www.polidesign.net\/it\/#organization\"},\"potentialAction\":[{\"@type\":\"SearchAction\",\"target\":\"https:\/\/www.polidesign.net\/it\/?s={search_term_string}\",\"query-input\":\"required name=search_term_string\"}],\"inLanguage\":\"it-IT\"},{\"@type\":\"ImageObject\",\"@id\":\"https:\/\/www.polidesign.net\/it\/news\/la-nuova-edizione-del-rapporto-design-economy\/#primaryimage\",\"inLanguage\":\"it-IT\",\"url\":\"https:\/\/www.polidesign.net\/wp-content\/uploads\/2024\/02\/Immagine-2024-02-07-155536.png\",\"width\":568,\"height\":223},{\"@type\":\"WebPage\",\"@id\":\"https:\/\/www.polidesign.net\/it\/news\/la-nuova-edizione-del-rapporto-design-economy\/#webpage\",\"url\":\"https:\/\/www.polidesign.net\/it\/news\/la-nuova-edizione-del-rapporto-design-economy\/\",\"name\":\"Rapporto Design Economy: questionario per imprese e progettisti\",\"isPartOf\":{\"@id\":\"https:\/\/www.polidesign.net\/it\/#website\"},\"primaryImageOfPage\":{\"@id\":\"https:\/\/www.polidesign.net\/it\/news\/la-nuova-edizione-del-rapporto-design-economy\/#primaryimage\"},\"datePublished\":\"2024-02-06T17:13:02+00:00\",\"dateModified\":\"2024-02-16T14:31:14+00:00\",\"description\":\"Informati sulla nuova edizione del report dedicato al sistema design in Italia. Rispondi al questionario e contribuisci all\\u2019analisi\",\"inLanguage\":\"it-IT\",\"potentialAction\":[{\"@type\":\"ReadAction\",\"target\":[\"https:\/\/www.polidesign.net\/it\/news\/la-nuova-edizione-del-rapporto-design-economy\/\"]}]}]}<\/script>\n<!-- \/ Yoast SEO plugin. -->","acf":{"relazioni":{"relazioni":{"corso":"","area_formazione":false,"tipologia_formazione":false,"settore":false,"tags_poli":false,"ways_of_innovation":false,"alumni":false,"people":""}},"cover_title":"La nuova edizione del Rapporto Design Economy","cover_subTitle":"","cover_abstract":"<p>Un nuovo report per fotografare l\u2019andamento dell\u2019universo design in Italia. Un questionario indirizzato a imprese e professionisti che vogliono contribuire alla ricerca sul loro settore di riferimento.<\/p>\n","cover_image":{"ID":95276,"id":95276,"title":"square_feed instagram copia 3","filename":"square_feed-instagram-copia-3-e1707239637664.jpg","filesize":37503,"url":"https:\/\/www.polidesign.net\/wp-content\/uploads\/2024\/02\/square_feed-instagram-copia-3-e1707239637664.jpg","link":"https:\/\/www.polidesign.net\/it\/news\/la-nuova-edizione-del-rapporto-design-economy\/attachment\/square_feed-instagram-copia-3\/","alt":"","author":"39","description":"","caption":"","name":"square_feed-instagram-copia-3","status":"inherit","uploaded_to":95274,"date":"2024-02-06 17:12:39","modified":"2024-02-06 17:14:02","menu_order":0,"mime_type":"image\/jpeg","type":"image","subtype":"jpeg","icon":"https:\/\/www.polidesign.net\/wp-includes\/images\/media\/default.png","width":1080,"height":1044,"sizes":{"thumbnail":"https:\/\/www.polidesign.net\/wp-content\/uploads\/2024\/02\/square_feed-instagram-copia-3-e1707239637664-150x150.jpg","thumbnail-width":150,"thumbnail-height":150,"medium":"https:\/\/www.polidesign.net\/wp-content\/uploads\/2024\/02\/square_feed-instagram-copia-3-e1707239637664-300x290.jpg","medium-width":300,"medium-height":290,"medium_large":"https:\/\/www.polidesign.net\/wp-content\/uploads\/2024\/02\/square_feed-instagram-copia-3-e1707239637664-768x742.jpg","medium_large-width":768,"medium_large-height":742,"large":"https:\/\/www.polidesign.net\/wp-content\/uploads\/2024\/02\/square_feed-instagram-copia-3-e1707239637664-1024x990.jpg","large-width":1024,"large-height":990,"1536x1536":"https:\/\/www.polidesign.net\/wp-content\/uploads\/2024\/02\/square_feed-instagram-copia-3-e1707239637664.jpg","1536x1536-width":1080,"1536x1536-height":1044,"2048x2048":"https:\/\/www.polidesign.net\/wp-content\/uploads\/2024\/02\/square_feed-instagram-copia-3-e1707239637664.jpg","2048x2048-width":1080,"2048x2048-height":1044}},"cover_imageThumbnail":{"ID":95401,"id":95401,"title":"Immagine 2024-02-07 155536","filename":"Immagine-2024-02-07-155536.png","filesize":2819,"url":"https:\/\/www.polidesign.net\/wp-content\/uploads\/2024\/02\/Immagine-2024-02-07-155536.png","link":"https:\/\/www.polidesign.net\/it\/news\/la-nuova-edizione-del-rapporto-design-economy\/attachment\/immagine-2024-02-07-155536\/","alt":"","author":"39","description":"","caption":"","name":"immagine-2024-02-07-155536","status":"inherit","uploaded_to":95274,"date":"2024-02-07 14:59:38","modified":"2024-02-07 14:59:38","menu_order":0,"mime_type":"image\/png","type":"image","subtype":"png","icon":"https:\/\/www.polidesign.net\/wp-includes\/images\/media\/default.png","width":568,"height":223,"sizes":{"thumbnail":"https:\/\/www.polidesign.net\/wp-content\/uploads\/2024\/02\/Immagine-2024-02-07-155536-150x150.png","thumbnail-width":150,"thumbnail-height":150,"medium":"https:\/\/www.polidesign.net\/wp-content\/uploads\/2024\/02\/Immagine-2024-02-07-155536-300x118.png","medium-width":300,"medium-height":118,"medium_large":"https:\/\/www.polidesign.net\/wp-content\/uploads\/2024\/02\/Immagine-2024-02-07-155536.png","medium_large-width":568,"medium_large-height":223,"large":"https:\/\/www.polidesign.net\/wp-content\/uploads\/2024\/02\/Immagine-2024-02-07-155536.png","large-width":568,"large-height":223,"1536x1536":"https:\/\/www.polidesign.net\/wp-content\/uploads\/2024\/02\/Immagine-2024-02-07-155536.png","1536x1536-width":568,"1536x1536-height":223,"2048x2048":"https:\/\/www.polidesign.net\/wp-content\/uploads\/2024\/02\/Immagine-2024-02-07-155536.png","2048x2048-width":568,"2048x2048-height":223}},"flexible":[{"acf_fc_layout":"simpleTitleText","layout_settings":{"color":"default","component_title":{"isActive":false,"testo":""}},"acfe_flexible_toggle":"","acfe_flexible_layout_title":"Simple Title + Text","numero_di_colonne":"1","content":{"occhiello":"","title":"Una call per imprese e professionisti: il questionario sul design","title_style":"normal","text":"<p>Fondazione Symbola, <strong>POLI.design<\/strong>, Deloitte e l\u2019Associazione per il Disegno Industriale (ADI) collaborano alla realizzazione del <strong>Rapporto Design Economy 2024<\/strong>. Anche per questa edizione, l\u2019appello va alle imprese e ai professionisti del settore che vogliono contribuire alla survey \u2013 un\u2019<strong>indagine sui trend<\/strong> nelle discipline di riferimento <strong>e sui ruoli<\/strong> che saranno pi\u00f9 richiesti nel prossimo futuro. Il contributo degli attori coinvolti \u00e8 imprescindibile per ricostruire una panoramica quanto pi\u00f9 verosimile dello <strong>stato del design in Italia<\/strong> cos\u00ec come per anticiparne le evoluzioni.<\/p>\n<p>Unico esempio nel nostro Paese, il <strong>Rapporto Design Economy<\/strong> restituisce annualmente i dati sul valore generato, sugli addetti ai lavori, sul mondo della formazione e sul ruolo del design in termini di transizione ecologica e competitivit\u00e0 del sistema produttivo nazionale. Quest\u2019anno, inoltre, include alcuni <strong>approfondimenti sul mondo digitale<\/strong> e <strong>sulle professioni emergenti del settore<\/strong>. L\u2019analisi \u00e8 importante per comprendere la direzione in cui il <strong>mercato del design<\/strong> sta andando e, dunque, per formarsi e investire le proprie risorse, per orientarsi nella scelta di talenti e professionisti che sappiano lavorare a progetti sempre pi\u00f9 richiesti. Coloro che partecipano al sondaggio potranno conoscere i <strong>risultati in anteprima<\/strong> dal momento che verranno invitati a partecipare alla <strong>presentazione che si terr\u00e0 ad arpile<\/strong>\u00a0presso la sede dell\u2019ADI a Milano.<\/p>\n<p>Il Rapporto Design Economy vede la partnership di, AIAP (Associazione Italiana Design della Comunicazione Visiva), AIPI (Associazione Italiana Professionisti Interior Designers), Almalaurea, Circolo del Design e Comieco. Per giungere a un quadro congruo dello stato dell\u2019arte \u00e8 fondamentale l\u2019impegno di imprese e progettisti. Basta qualche minuto per rispondere alle domande. Le informazioni raccolte durante l&#8217;indagine sono tutelate dal segreto statistico e sottoposte alla normativa in materia di protezione dei dati personali (Regolamento UE 2016\/679 e d.lgs. n. 196\/2003). I dati raccolti potranno essere utilizzati esclusivamente per fini scientifici e in forma aggregata in modo tale che non sia possibile risalire ai soggetti che li hanno forniti o a cui si riferiscono. Questi saranno conservati da Fondazione Symbola e resi anonimi al termine della raccolta.<\/p>\n<p><strong>Compila il form per<\/strong> <strong>ricevere il questionario.<\/strong><\/p>\n","":null,"azione_cta":"legacyLink","cta_style":"button","cta_align":"left","cta":{"title":"Partecipa alla ricerca!","url":"https:\/\/share.hsforms.com\/17Niy2Y3MQJWQHu4wKELplw4rs5n","target":"_blank"},"titolo_cta":"","modali_disponibil":false,"hubspot_id":"","prefill_campo_richiesta":""},"content_right":{"occhiello":"","title":"","title_style":"normal","text":"","":null,"azione_cta":"","cta_style":"normal","cta_align":"left","cta":null,"titolo_cta":"","modali_disponibil":false,"hubspot_id":"","prefill_campo_richiesta":""}}]},"_links":{"self":[{"href":"https:\/\/www.polidesign.net\/it\/wp-json\/wp\/v2\/news\/95274"}],"collection":[{"href":"https:\/\/www.polidesign.net\/it\/wp-json\/wp\/v2\/news"}],"about":[{"href":"https:\/\/www.polidesign.net\/it\/wp-json\/wp\/v2\/types\/news"}],"version-history":[{"count":9,"href":"https:\/\/www.polidesign.net\/it\/wp-json\/wp\/v2\/news\/95274\/revisions"}],"predecessor-version":[{"id":121169,"href":"https:\/\/www.polidesign.net\/it\/wp-json\/wp\/v2\/news\/95274\/revisions\/121169"}],"wp:featuredmedia":[{"embeddable":true,"href":"https:\/\/www.polidesign.net\/it\/wp-json\/wp\/v2\/media\/95401"}],"wp:attachment":[{"href":"https:\/\/www.polidesign.net\/it\/wp-json\/wp\/v2\/media?parent=95274"}],"curies":[{"name":"wp","href":"https:\/\/api.w.org\/{rel}","templated":true}]}}